{"id":13574,"date":"2025-06-23T21:58:20","date_gmt":"2025-06-23T19:58:20","guid":{"rendered":"https:\/\/bwi.earth\/?p=13574"},"modified":"2025-06-23T22:04:12","modified_gmt":"2025-06-23T20:04:12","slug":"la-lys-une-riviere-discrete-des-enjeux-bien-concrets","status":"publish","type":"post","link":"https:\/\/bwi.earth\/fr\/la-lys-une-riviere-discrete-des-enjeux-bien-concrets\/","title":{"rendered":"La Lys : une rivi\u00e8re discr\u00e8te, des enjeux bien concrets"},"content":{"rendered":"    <section class=\"gut-content\">\n        <div class=\"wrap\">\n            <p data-start=\"254\" data-end=\"607\">Situ\u00e9e entre la France et la Belgique, la Lys n\u2019est ni la plus longue, ni la plus puissante des rivi\u00e8res europ\u00e9ennes. Pourtant, elle concentre un certain nombre d\u2019enjeux typiques des petits bassins fortement am\u00e9nag\u00e9s : artificialisation ancienne, gouvernance partag\u00e9e, qualit\u00e9 de l\u2019eau d\u00e9grad\u00e9e, r\u00e9silience climatique \u00e0 construire. Petit tour d\u2019horizon.<\/p>\n<h3 style=\"text-align: center;\" data-start=\"609\" data-end=\"643\">Quelques rep\u00e8res hydrologiques<\/h3>\n<p data-start=\"645\" data-end=\"984\">La Lys prend sa source \u00e0 Lisbourg (Pas-de-Calais) et rejoint l\u2019Escaut \u00e0 Gand, en Belgique, apr\u00e8s un parcours d\u2019un peu plus de&nbsp;<strong data-start=\"771\" data-end=\"781\">210 km<\/strong>. Son bassin versant couvre environ&nbsp;<strong data-start=\"817\" data-end=\"830\">3 600 km\u00b2<\/strong>, \u00e0 cheval sur deux pays. C\u00f4t\u00e9 fran\u00e7ais, elle traverse notamment Aire-sur-la-Lys, Merville, Armenti\u00e8res et Comines. C\u00f4t\u00e9 belge : Wervik, Courtrai, Deinze.<\/p>\n<p data-start=\"986\" data-end=\"1309\">Son d\u00e9bit moyen \u00e0 la fronti\u00e8re (Comines) est de l\u2019ordre de&nbsp;<strong data-start=\"1045\" data-end=\"1056\">20 m\u00b3\/s<\/strong>&nbsp;(station Y3302010 \u2013 Banque Hydro). Il est cependant tr\u00e8s variable selon les saisons et les \u00e9pisodes pluvieux : la Lys r\u00e9agit rapidement aux pr\u00e9cipitations, du fait de son lit artificialis\u00e9 et de la faible pente moyenne (&lt; 0,6 \u2030 sur la section m\u00e9diane).<\/p>\n<h3 style=\"text-align: center;\" data-start=\"1316\" data-end=\"1381\">Un cours d\u2019eau parmi les plus am\u00e9nag\u00e9s du nord-ouest europ\u00e9en<\/h3>\n<p data-start=\"1383\" data-end=\"1513\">L\u2019histoire industrielle et agricole du territoire a laiss\u00e9 une empreinte durable sur le fonctionnement hydrologique de la rivi\u00e8re.<\/p>\n<p data-start=\"1515\" data-end=\"1808\">La Lys a \u00e9t\u00e9 canalis\u00e9e d\u00e8s le XIXe si\u00e8cle, \u00e9largie, recalibr\u00e9e, \u00e9quip\u00e9e de barrages mobiles et de stations de pompage pour r\u00e9pondre aux besoins de la navigation, du drainage agricole et de la protection contre les inondations. Elle est aujourd\u2019hui ponctu\u00e9e de plusieurs ouvrages structurants :<\/p>\n<ul data-start=\"1810\" data-end=\"2183\">\n<li data-start=\"1810\" data-end=\"1915\">\n<p data-start=\"1812\" data-end=\"1915\"><strong data-start=\"1812\" data-end=\"1834\">Barrage de Comines<\/strong>, \u00e0 la fronti\u00e8re, pour la r\u00e9gulation hydraulique entre la France et la Belgique ;<\/p>\n<\/li>\n<li data-start=\"1916\" data-end=\"2042\">\n<p data-start=\"1918\" data-end=\"2042\"><strong data-start=\"1918\" data-end=\"1963\">Stations de pompage de Wervik et de Menin<\/strong>, utilis\u00e9es en p\u00e9riode de crue pour \u00e9vacuer les exc\u00e9dents d\u2019eau vers l\u2019Escaut ;<\/p>\n<\/li>\n<li data-start=\"2043\" data-end=\"2183\">\n<p data-start=\"2045\" data-end=\"2183\"><strong data-start=\"2045\" data-end=\"2084\">Vannes mobiles et passes \u00e0 poissons<\/strong>&nbsp;r\u00e9parties en aval, notamment \u00e0 Harelbeke (barrage de classe europ\u00e9enne avec clapets automatiques).<\/p>\n<\/li>\n<\/ul>\n<p data-start=\"2185\" data-end=\"2349\">Au total,&nbsp;<strong data-start=\"2195\" data-end=\"2218\">plus de 25 ouvrages<\/strong>&nbsp;impactant la continuit\u00e9 \u00e9cologique ont \u00e9t\u00e9 recens\u00e9s sur le lin\u00e9aire principal entre Aire-sur-la-Lys et Gand (source : ROE \u2013 2022).<\/p>\n<h3 style=\"text-align: center;\" data-start=\"2356\" data-end=\"2402\">Une gouvernance bic\u00e9phale, mais coordonn\u00e9e<\/h3>\n<p data-start=\"2404\" data-end=\"2813\">Depuis les ann\u00e9es 1990, la Lys fait l\u2019objet d\u2019un effort de coordination transfrontali\u00e8re. En France, la gestion est structur\u00e9e autour du&nbsp;<strong data-start=\"2541\" data-end=\"2553\">SAGE Lys<\/strong>, pilot\u00e9 par le&nbsp;<strong data-start=\"2569\" data-end=\"2581\">SYMSAGEL<\/strong>, qui regroupe collectivit\u00e9s locales, \u00c9tat, usagers et associations. C\u00f4t\u00e9 belge, c\u2019est la&nbsp;<strong data-start=\"2671\" data-end=\"2707\">VMM (Vlaamse Milieumaatschappij)<\/strong>&nbsp;qui pilote la politique de l\u2019eau, en coordination avec&nbsp;<strong data-start=\"2763\" data-end=\"2786\">De Vlaamse Waterweg<\/strong>&nbsp;pour la partie navigation.<\/p>\n<p data-start=\"2815\" data-end=\"3103\">Des conventions de coop\u00e9ration ont \u00e9t\u00e9 sign\u00e9es entre autorit\u00e9s fran\u00e7aises et flamandes d\u00e8s 1994, renouvel\u00e9es depuis. Une cellule de concertation technique se r\u00e9unit plusieurs fois par an pour ajuster les niveaux d\u2019eau, les p\u00e9riodes de vidange, les actions en cas de crue ou de s\u00e9cheresse.<\/p>\n<h3 style=\"text-align: center;\" data-start=\"3110\" data-end=\"3171\">\u00c9tat des lieux : pressions multiples, qualit\u00e9 \u00e0 am\u00e9liorer<\/h3>\n<p data-start=\"3173\" data-end=\"3389\">D\u2019apr\u00e8s le dernier rapport de l\u2019Agence de l\u2019Eau Artois-Picardie (SDAGE 2022),&nbsp;<strong data-start=\"3251\" data-end=\"3274\">plus des deux tiers<\/strong>&nbsp;des masses d\u2019eau du bassin versant de la Lys sont class\u00e9es en&nbsp;<strong data-start=\"3337\" data-end=\"3376\">\u00e9tat \u00e9cologique m\u00e9diocre ou mauvais<\/strong>. En cause :<\/p>\n<ul data-start=\"3390\" data-end=\"3522\">\n<li data-start=\"3390\" data-end=\"3439\">\n<p data-start=\"3392\" data-end=\"3439\">la&nbsp;<strong data-start=\"3395\" data-end=\"3416\">pollution diffuse<\/strong>&nbsp;(nitrates, phosphore),<\/p>\n<\/li>\n<li data-start=\"3440\" data-end=\"3479\">\n<p data-start=\"3442\" data-end=\"3479\">les&nbsp;<strong data-start=\"3446\" data-end=\"3464\">rejets urbains<\/strong>&nbsp;mal ma\u00eetris\u00e9s,<\/p>\n<\/li>\n<li data-start=\"3480\" data-end=\"3522\">\n<p data-start=\"3482\" data-end=\"3522\">et la&nbsp;<strong data-start=\"3488\" data-end=\"3521\">morphologie fortement alt\u00e9r\u00e9e<\/strong>.<\/p>\n<\/li>\n<\/ul>\n<p data-start=\"3524\" data-end=\"3543\">Quelques chiffres :<\/p>\n<ul data-start=\"3544\" data-end=\"3885\">\n<li data-start=\"3544\" data-end=\"3657\">\n<p data-start=\"3546\" data-end=\"3657\"><strong data-start=\"3546\" data-end=\"3558\">Nitrates<\/strong>&nbsp;: entre 25 et 35 mg\/l sur la Lawe et la Bourre en moyenne annuelle (seuil de bon \u00e9tat : &lt;18 mg\/l).<\/p>\n<\/li>\n<li data-start=\"3658\" data-end=\"3767\">\n<p data-start=\"3660\" data-end=\"3767\"><strong data-start=\"3660\" data-end=\"3679\">Phosphore total<\/strong>&nbsp;: souvent &gt; 0,4 mg\/l en aval d\u2019Armenti\u00e8res (norme DCE : 0,2 mg\/l pour rivi\u00e8res lentes).<\/p>\n<\/li>\n<li data-start=\"3768\" data-end=\"3885\">\n<p data-start=\"3770\" data-end=\"3885\"><strong data-start=\"3770\" data-end=\"3785\">Indice IBGN<\/strong>&nbsp;: inf\u00e9rieur \u00e0 10 dans la plupart des stations fran\u00e7aises, indiquant une macrofaune peu diversifi\u00e9e.<\/p>\n<\/li>\n<\/ul>\n<h3 style=\"text-align: center;\" data-start=\"3892\" data-end=\"3948\">Enjeux actuels de la Lys : mieux anticiper, restaurer, adapter<\/h3>\n<p data-start=\"3950\" data-end=\"4020\">La gestion de la Lys s\u2019oriente aujourd\u2019hui autour de trois priorit\u00e9s :<\/p>\n<ol data-start=\"4022\" data-end=\"4931\">\n<li data-start=\"4022\" data-end=\"4338\">\n<p data-start=\"4025\" data-end=\"4338\"><strong data-start=\"4025\" data-end=\"4049\">Pr\u00e9vention des crues<\/strong>&nbsp;: les inondations de d\u00e9cembre 1999, puis celles de 2002 et 2023 ont montr\u00e9 la vuln\u00e9rabilit\u00e9 du bassin, notamment en zone p\u00e9riurbaine. Le PAPI Lys amont (2018\u20132025) pr\u00e9voit plus de&nbsp;<strong data-start=\"4230\" data-end=\"4257\">40 millions d\u2019euros d\u2019investissements<\/strong>, avec des zones d\u2019expansion de crue et des ouvrages de ralentissement dynamique.<\/p>\n<\/li>\n<li data-start=\"4340\" data-end=\"4549\">\n<p data-start=\"4343\" data-end=\"4549\"><strong data-start=\"4343\" data-end=\"4381\">Restaurer la continuit\u00e9 \u00e9cologique<\/strong>&nbsp;: plusieurs seuils sont en cours d\u2019effacement ou d\u2019am\u00e9nagement (comme \u00e0 Merville ou \u00e0 Steenwerck), afin de faciliter la circulation piscicole et le transport s\u00e9dimentaire.<\/p>\n<\/li>\n<li data-start=\"4551\" data-end=\"4931\">\n<p data-start=\"4554\" data-end=\"4931\"><strong data-start=\"4554\" data-end=\"4596\">Am\u00e9liorer la connaissance hydrologique<\/strong>&nbsp;: des stations de mesure en temps r\u00e9el ont \u00e9t\u00e9 install\u00e9es ces derni\u00e8res ann\u00e9es, compl\u00e9t\u00e9es par des dispositifs de pr\u00e9vision des d\u00e9bits \u00e0 3-5-10 jours via des mod\u00e8les coupl\u00e9s (pluie-d\u00e9bit, radar, t\u00e9l\u00e9d\u00e9tection).<\/p>\n<\/li>\n<\/ol>\n<h3 style=\"text-align: center;\" data-start=\"4938\" data-end=\"4955\">***<\/h3>\n<p data-start=\"4957\" data-end=\"5239\">La Lys, souvent consid\u00e9r\u00e9e comme une rivi\u00e8re secondaire, offre en r\u00e9alit\u00e9, ainsi que le rappelle l\u2019Agence de l\u2019Eau Artois-Picardie (voir ci-dessous), un concentr\u00e9 des probl\u00e9matiques actuelles de gestion int\u00e9gr\u00e9e de l\u2019eau en Europe occidentale : fragmentation institutionnelle, pollution persistante, pression anthropique, adaptation au changement climatique.<\/p>\n<blockquote data-start=\"5241\" data-end=\"5566\">\n<p data-start=\"5243\" data-end=\"5566\">\u00ab La Lys concentre sur un petit bassin versant tous les d\u00e9fis de la directive cadre sur l\u2019eau : artificialisation, pollution diffuse, inondations, s\u00e9cheresses. Elle est un laboratoire vivant de coop\u00e9ration franco-belge. \u00bb<br data-start=\"5464\" data-end=\"5467\">\u2014&nbsp;<em data-start=\"5471\" data-end=\"5566\">Jean-Luc Robert, ing\u00e9nieur hydrologue, Agence de l\u2019Eau Artois-Picardie (colloque AFEID, 2023)<\/em><\/p>\n<\/blockquote>\n        <\/div>\n    <\/section>\n","protected":false},"excerpt":{"rendered":"<p>La Lys, rivi\u00e8re transfrontali\u00e8re entre France et Belgique, cumule artificialisation, pollution diffuse et risques de crue. Son bassin de 3 600 km\u00b2 compte plus de 25 ouvrages impactant la continuit\u00e9 \u00e9cologique. \u00ab\u202fUn laboratoire vivant de coop\u00e9ration franco-belge\u202f\u00bb, selon l\u2019ing\u00e9nieur Jean-Luc Robert (Agence de l\u2019Eau, 2023).<\/p>\n","protected":false},"author":5,"featured_media":13570,"comment_status":"closed","ping_status":"closed","sticky":false,"template":"","format":"standard","meta":{"content-type":"","ngg_post_thumbnail":0,"footnotes":""},"categories":[422],"tags":[423,421,420,419],"class_list":["post-13574","post","type-post","status-publish","format-standard","has-post-thumbnail","hentry","category-hydrologie","tag-bassin-versant","tag-belgique","tag-france-3","tag-hydrologie"],"acf":[],"yoast_head":"<!-- This site is optimized with the Yoast SEO plugin v26.2 - https:\/\/yoast.com\/wordpress\/plugins\/seo\/ -->\n<title>La Lys : une rivi\u00e8re discr\u00e8te, des enjeux bien concrets - Blue Water Intelligence (BWI)<\/title>\n<meta name=\"description\" content=\"La Lys, rivi\u00e8re franco-belge de 210 km, illustre les d\u00e9fis de la gestion de l\u2019eau : pollution, artificialisation, risques d\u2019inondation.\" \/>\n<meta name=\"robots\" content=\"index, follow, max-snippet:-1, max-image-preview:large, max-video-preview:-1\" \/>\n<link rel=\"canonical\" href=\"https:\/\/bwi.earth\/fr\/la-lys-une-riviere-discrete-des-enjeux-bien-concrets\/\" \/>\n<meta property=\"og:locale\" content=\"fr_FR\" \/>\n<meta property=\"og:type\" content=\"article\" \/>\n<meta property=\"og:title\" content=\"La Lys : une rivi\u00e8re discr\u00e8te, des enjeux bien concrets - Blue Water Intelligence (BWI)\" \/>\n<meta property=\"og:description\" content=\"La Lys, rivi\u00e8re franco-belge de 210 km, illustre les d\u00e9fis de la gestion de l\u2019eau : pollution, artificialisation, risques d\u2019inondation.\" \/>\n<meta property=\"og:url\" content=\"https:\/\/bwi.earth\/fr\/la-lys-une-riviere-discrete-des-enjeux-bien-concrets\/\" \/>\n<meta property=\"og:site_name\" content=\"Blue Water Intelligence (BWI)\" \/>\n<meta property=\"article:published_time\" content=\"2025-06-23T19:58:20+00:00\" \/>\n<meta property=\"article:modified_time\" content=\"2025-06-23T20:04:12+00:00\" \/>\n<meta property=\"og:image\" content=\"https:\/\/bwi.earth\/wp-content\/uploads\/2025\/06\/Capture-decran-2025-06-23-a-21.56.10-1024x503.png\" \/>\n\t<meta property=\"og:image:width\" content=\"1024\" \/>\n\t<meta property=\"og:image:height\" content=\"503\" \/>\n\t<meta property=\"og:image:type\" content=\"image\/png\" \/>\n<meta name=\"author\" content=\"Jeremy Fain\" \/>\n<meta name=\"twitter:card\" content=\"summary_large_image\" \/>\n<meta name=\"twitter:label1\" content=\"\u00c9crit par\" \/>\n\t<meta name=\"twitter:data1\" content=\"Jeremy Fain\" \/>\n\t<meta name=\"twitter:label2\" content=\"Dur\u00e9e de lecture estim\u00e9e\" \/>\n\t<meta name=\"twitter:data2\" content=\"4 minutes\" \/>\n<script type=\"application\/ld+json\" class=\"yoast-schema-graph\">{\"@context\":\"https:\/\/schema.org\",\"@graph\":[{\"@type\":\"Article\",\"@id\":\"https:\/\/bwi.earth\/fr\/la-lys-une-riviere-discrete-des-enjeux-bien-concrets\/#article\",\"isPartOf\":{\"@id\":\"https:\/\/bwi.earth\/fr\/la-lys-une-riviere-discrete-des-enjeux-bien-concrets\/\"},\"author\":{\"name\":\"Jeremy Fain\",\"@id\":\"https:\/\/bwi.earth\/fr\/#\/schema\/person\/a95330f4eb05b3d48098e1681dc57bcf\"},\"headline\":\"La Lys : une rivi\u00e8re discr\u00e8te, des enjeux bien concrets\",\"datePublished\":\"2025-06-23T19:58:20+00:00\",\"dateModified\":\"2025-06-23T20:04:12+00:00\",\"mainEntityOfPage\":{\"@id\":\"https:\/\/bwi.earth\/fr\/la-lys-une-riviere-discrete-des-enjeux-bien-concrets\/\"},\"wordCount\":11,\"publisher\":{\"@id\":\"https:\/\/bwi.earth\/fr\/#organization\"},\"image\":{\"@id\":\"https:\/\/bwi.earth\/fr\/la-lys-une-riviere-discrete-des-enjeux-bien-concrets\/#primaryimage\"},\"thumbnailUrl\":\"https:\/\/bwi.earth\/wp-content\/uploads\/2025\/06\/Capture-decran-2025-06-23-a-21.56.10.png\",\"keywords\":[\"bassin versant\",\"belgique\",\"france\",\"hydrologie\"],\"articleSection\":[\"hydrologie\"],\"inLanguage\":\"fr-FR\"},{\"@type\":\"WebPage\",\"@id\":\"https:\/\/bwi.earth\/fr\/la-lys-une-riviere-discrete-des-enjeux-bien-concrets\/\",\"url\":\"https:\/\/bwi.earth\/fr\/la-lys-une-riviere-discrete-des-enjeux-bien-concrets\/\",\"name\":\"La Lys : une rivi\u00e8re discr\u00e8te, des enjeux bien concrets - Blue Water Intelligence (BWI)\",\"isPartOf\":{\"@id\":\"https:\/\/bwi.earth\/fr\/#website\"},\"primaryImageOfPage\":{\"@id\":\"https:\/\/bwi.earth\/fr\/la-lys-une-riviere-discrete-des-enjeux-bien-concrets\/#primaryimage\"},\"image\":{\"@id\":\"https:\/\/bwi.earth\/fr\/la-lys-une-riviere-discrete-des-enjeux-bien-concrets\/#primaryimage\"},\"thumbnailUrl\":\"https:\/\/bwi.earth\/wp-content\/uploads\/2025\/06\/Capture-decran-2025-06-23-a-21.56.10.png\",\"datePublished\":\"2025-06-23T19:58:20+00:00\",\"dateModified\":\"2025-06-23T20:04:12+00:00\",\"description\":\"La Lys, rivi\u00e8re franco-belge de 210 km, illustre les d\u00e9fis de la gestion de l\u2019eau : pollution, artificialisation, risques d\u2019inondation.\",\"breadcrumb\":{\"@id\":\"https:\/\/bwi.earth\/fr\/la-lys-une-riviere-discrete-des-enjeux-bien-concrets\/#breadcrumb\"},\"inLanguage\":\"fr-FR\",\"potentialAction\":[{\"@type\":\"ReadAction\",\"target\":[\"https:\/\/bwi.earth\/fr\/la-lys-une-riviere-discrete-des-enjeux-bien-concrets\/\"]}]},{\"@type\":\"ImageObject\",\"inLanguage\":\"fr-FR\",\"@id\":\"https:\/\/bwi.earth\/fr\/la-lys-une-riviere-discrete-des-enjeux-bien-concrets\/#primaryimage\",\"url\":\"https:\/\/bwi.earth\/wp-content\/uploads\/2025\/06\/Capture-decran-2025-06-23-a-21.56.10.png\",\"contentUrl\":\"https:\/\/bwi.earth\/wp-content\/uploads\/2025\/06\/Capture-decran-2025-06-23-a-21.56.10.png\",\"width\":1870,\"height\":918},{\"@type\":\"BreadcrumbList\",\"@id\":\"https:\/\/bwi.earth\/fr\/la-lys-une-riviere-discrete-des-enjeux-bien-concrets\/#breadcrumb\",\"itemListElement\":[{\"@type\":\"ListItem\",\"position\":1,\"name\":\"Home\",\"item\":\"https:\/\/bwi.earth\/fr\/\"},{\"@type\":\"ListItem\",\"position\":2,\"name\":\"La Lys : une rivi\u00e8re discr\u00e8te, des enjeux bien concrets\"}]},{\"@type\":\"WebSite\",\"@id\":\"https:\/\/bwi.earth\/fr\/#website\",\"url\":\"https:\/\/bwi.earth\/fr\/\",\"name\":\"Blue Water Intelligence (BWI)\",\"description\":\"The River Basin Digitization Company\",\"publisher\":{\"@id\":\"https:\/\/bwi.earth\/fr\/#organization\"},\"potentialAction\":[{\"@type\":\"SearchAction\",\"target\":{\"@type\":\"EntryPoint\",\"urlTemplate\":\"https:\/\/bwi.earth\/fr\/?s={search_term_string}\"},\"query-input\":{\"@type\":\"PropertyValueSpecification\",\"valueRequired\":true,\"valueName\":\"search_term_string\"}}],\"inLanguage\":\"fr-FR\"},{\"@type\":\"Organization\",\"@id\":\"https:\/\/bwi.earth\/fr\/#organization\",\"name\":\"Blue Water Intelligence (BWI)\",\"url\":\"https:\/\/bwi.earth\/fr\/\",\"logo\":{\"@type\":\"ImageObject\",\"inLanguage\":\"fr-FR\",\"@id\":\"https:\/\/bwi.earth\/fr\/#\/schema\/logo\/image\/\",\"url\":\"https:\/\/bwi.earth\/wp-content\/uploads\/2023\/03\/cropped-logo_couleur_bwi.png\",\"contentUrl\":\"https:\/\/bwi.earth\/wp-content\/uploads\/2023\/03\/cropped-logo_couleur_bwi.png\",\"width\":4190,\"height\":1970,\"caption\":\"Blue Water Intelligence (BWI)\"},\"image\":{\"@id\":\"https:\/\/bwi.earth\/fr\/#\/schema\/logo\/image\/\"}},{\"@type\":\"Person\",\"@id\":\"https:\/\/bwi.earth\/fr\/#\/schema\/person\/a95330f4eb05b3d48098e1681dc57bcf\",\"name\":\"Jeremy Fain\",\"image\":{\"@type\":\"ImageObject\",\"inLanguage\":\"fr-FR\",\"@id\":\"https:\/\/bwi.earth\/fr\/#\/schema\/person\/image\/\",\"url\":\"https:\/\/secure.gravatar.com\/avatar\/fb9626d79536703fbf0f04034eb81c4c203d6623865a290d985efdddcf302e84?s=96&d=mm&r=g\",\"contentUrl\":\"https:\/\/secure.gravatar.com\/avatar\/fb9626d79536703fbf0f04034eb81c4c203d6623865a290d985efdddcf302e84?s=96&d=mm&r=g\",\"caption\":\"Jeremy Fain\"},\"url\":\"https:\/\/bwi.earth\/fr\/author\/jeremy\/\"}]}<\/script>\n<!-- \/ Yoast SEO plugin. -->","yoast_head_json":{"title":"La Lys : une rivi\u00e8re discr\u00e8te, des enjeux bien concrets - Blue Water Intelligence (BWI)","description":"La Lys, rivi\u00e8re franco-belge de 210 km, illustre les d\u00e9fis de la gestion de l\u2019eau : pollution, artificialisation, risques d\u2019inondation.","robots":{"index":"index","follow":"follow","max-snippet":"max-snippet:-1","max-image-preview":"max-image-preview:large","max-video-preview":"max-video-preview:-1"},"canonical":"https:\/\/bwi.earth\/fr\/la-lys-une-riviere-discrete-des-enjeux-bien-concrets\/","og_locale":"fr_FR","og_type":"article","og_title":"La Lys : une rivi\u00e8re discr\u00e8te, des enjeux bien concrets - Blue Water Intelligence (BWI)","og_description":"La Lys, rivi\u00e8re franco-belge de 210 km, illustre les d\u00e9fis de la gestion de l\u2019eau : pollution, artificialisation, risques d\u2019inondation.","og_url":"https:\/\/bwi.earth\/fr\/la-lys-une-riviere-discrete-des-enjeux-bien-concrets\/","og_site_name":"Blue Water Intelligence (BWI)","article_published_time":"2025-06-23T19:58:20+00:00","article_modified_time":"2025-06-23T20:04:12+00:00","og_image":[{"width":1024,"height":503,"url":"https:\/\/bwi.earth\/wp-content\/uploads\/2025\/06\/Capture-decran-2025-06-23-a-21.56.10-1024x503.png","type":"image\/png"}],"author":"Jeremy Fain","twitter_card":"summary_large_image","twitter_misc":{"\u00c9crit par":"Jeremy Fain","Dur\u00e9e de lecture estim\u00e9e":"4 minutes"},"schema":{"@context":"https:\/\/schema.org","@graph":[{"@type":"Article","@id":"https:\/\/bwi.earth\/fr\/la-lys-une-riviere-discrete-des-enjeux-bien-concrets\/#article","isPartOf":{"@id":"https:\/\/bwi.earth\/fr\/la-lys-une-riviere-discrete-des-enjeux-bien-concrets\/"},"author":{"name":"Jeremy Fain","@id":"https:\/\/bwi.earth\/fr\/#\/schema\/person\/a95330f4eb05b3d48098e1681dc57bcf"},"headline":"La Lys : une rivi\u00e8re discr\u00e8te, des enjeux bien concrets","datePublished":"2025-06-23T19:58:20+00:00","dateModified":"2025-06-23T20:04:12+00:00","mainEntityOfPage":{"@id":"https:\/\/bwi.earth\/fr\/la-lys-une-riviere-discrete-des-enjeux-bien-concrets\/"},"wordCount":11,"publisher":{"@id":"https:\/\/bwi.earth\/fr\/#organization"},"image":{"@id":"https:\/\/bwi.earth\/fr\/la-lys-une-riviere-discrete-des-enjeux-bien-concrets\/#primaryimage"},"thumbnailUrl":"https:\/\/bwi.earth\/wp-content\/uploads\/2025\/06\/Capture-decran-2025-06-23-a-21.56.10.png","keywords":["bassin versant","belgique","france","hydrologie"],"articleSection":["hydrologie"],"inLanguage":"fr-FR"},{"@type":"WebPage","@id":"https:\/\/bwi.earth\/fr\/la-lys-une-riviere-discrete-des-enjeux-bien-concrets\/","url":"https:\/\/bwi.earth\/fr\/la-lys-une-riviere-discrete-des-enjeux-bien-concrets\/","name":"La Lys : une rivi\u00e8re discr\u00e8te, des enjeux bien concrets - Blue Water Intelligence (BWI)","isPartOf":{"@id":"https:\/\/bwi.earth\/fr\/#website"},"primaryImageOfPage":{"@id":"https:\/\/bwi.earth\/fr\/la-lys-une-riviere-discrete-des-enjeux-bien-concrets\/#primaryimage"},"image":{"@id":"https:\/\/bwi.earth\/fr\/la-lys-une-riviere-discrete-des-enjeux-bien-concrets\/#primaryimage"},"thumbnailUrl":"https:\/\/bwi.earth\/wp-content\/uploads\/2025\/06\/Capture-decran-2025-06-23-a-21.56.10.png","datePublished":"2025-06-23T19:58:20+00:00","dateModified":"2025-06-23T20:04:12+00:00","description":"La Lys, rivi\u00e8re franco-belge de 210 km, illustre les d\u00e9fis de la gestion de l\u2019eau : pollution, artificialisation, risques d\u2019inondation.","breadcrumb":{"@id":"https:\/\/bwi.earth\/fr\/la-lys-une-riviere-discrete-des-enjeux-bien-concrets\/#breadcrumb"},"inLanguage":"fr-FR","potentialAction":[{"@type":"ReadAction","target":["https:\/\/bwi.earth\/fr\/la-lys-une-riviere-discrete-des-enjeux-bien-concrets\/"]}]},{"@type":"ImageObject","inLanguage":"fr-FR","@id":"https:\/\/bwi.earth\/fr\/la-lys-une-riviere-discrete-des-enjeux-bien-concrets\/#primaryimage","url":"https:\/\/bwi.earth\/wp-content\/uploads\/2025\/06\/Capture-decran-2025-06-23-a-21.56.10.png","contentUrl":"https:\/\/bwi.earth\/wp-content\/uploads\/2025\/06\/Capture-decran-2025-06-23-a-21.56.10.png","width":1870,"height":918},{"@type":"BreadcrumbList","@id":"https:\/\/bwi.earth\/fr\/la-lys-une-riviere-discrete-des-enjeux-bien-concrets\/#breadcrumb","itemListElement":[{"@type":"ListItem","position":1,"name":"Home","item":"https:\/\/bwi.earth\/fr\/"},{"@type":"ListItem","position":2,"name":"La Lys : une rivi\u00e8re discr\u00e8te, des enjeux bien concrets"}]},{"@type":"WebSite","@id":"https:\/\/bwi.earth\/fr\/#website","url":"https:\/\/bwi.earth\/fr\/","name":"Blue Water Intelligence (BWI)","description":"The River Basin Digitization Company","publisher":{"@id":"https:\/\/bwi.earth\/fr\/#organization"},"potentialAction":[{"@type":"SearchAction","target":{"@type":"EntryPoint","urlTemplate":"https:\/\/bwi.earth\/fr\/?s={search_term_string}"},"query-input":{"@type":"PropertyValueSpecification","valueRequired":true,"valueName":"search_term_string"}}],"inLanguage":"fr-FR"},{"@type":"Organization","@id":"https:\/\/bwi.earth\/fr\/#organization","name":"Blue Water Intelligence (BWI)","url":"https:\/\/bwi.earth\/fr\/","logo":{"@type":"ImageObject","inLanguage":"fr-FR","@id":"https:\/\/bwi.earth\/fr\/#\/schema\/logo\/image\/","url":"https:\/\/bwi.earth\/wp-content\/uploads\/2023\/03\/cropped-logo_couleur_bwi.png","contentUrl":"https:\/\/bwi.earth\/wp-content\/uploads\/2023\/03\/cropped-logo_couleur_bwi.png","width":4190,"height":1970,"caption":"Blue Water Intelligence (BWI)"},"image":{"@id":"https:\/\/bwi.earth\/fr\/#\/schema\/logo\/image\/"}},{"@type":"Person","@id":"https:\/\/bwi.earth\/fr\/#\/schema\/person\/a95330f4eb05b3d48098e1681dc57bcf","name":"Jeremy Fain","image":{"@type":"ImageObject","inLanguage":"fr-FR","@id":"https:\/\/bwi.earth\/fr\/#\/schema\/person\/image\/","url":"https:\/\/secure.gravatar.com\/avatar\/fb9626d79536703fbf0f04034eb81c4c203d6623865a290d985efdddcf302e84?s=96&d=mm&r=g","contentUrl":"https:\/\/secure.gravatar.com\/avatar\/fb9626d79536703fbf0f04034eb81c4c203d6623865a290d985efdddcf302e84?s=96&d=mm&r=g","caption":"Jeremy Fain"},"url":"https:\/\/bwi.earth\/fr\/author\/jeremy\/"}]}},"_links":{"self":[{"href":"https:\/\/bwi.earth\/fr\/wp-json\/wp\/v2\/posts\/13574","targetHints":{"allow":["GET"]}}],"collection":[{"href":"https:\/\/bwi.earth\/fr\/wp-json\/wp\/v2\/posts"}],"about":[{"href":"https:\/\/bwi.earth\/fr\/wp-json\/wp\/v2\/types\/post"}],"author":[{"embeddable":true,"href":"https:\/\/bwi.earth\/fr\/wp-json\/wp\/v2\/users\/5"}],"replies":[{"embeddable":true,"href":"https:\/\/bwi.earth\/fr\/wp-json\/wp\/v2\/comments?post=13574"}],"version-history":[{"count":3,"href":"https:\/\/bwi.earth\/fr\/wp-json\/wp\/v2\/posts\/13574\/revisions"}],"predecessor-version":[{"id":13616,"href":"https:\/\/bwi.earth\/fr\/wp-json\/wp\/v2\/posts\/13574\/revisions\/13616"}],"wp:featuredmedia":[{"embeddable":true,"href":"https:\/\/bwi.earth\/fr\/wp-json\/wp\/v2\/media\/13570"}],"wp:attachment":[{"href":"https:\/\/bwi.earth\/fr\/wp-json\/wp\/v2\/media?parent=13574"}],"wp:term":[{"taxonomy":"category","embeddable":true,"href":"https:\/\/bwi.earth\/fr\/wp-json\/wp\/v2\/categories?post=13574"},{"taxonomy":"post_tag","embeddable":true,"href":"https:\/\/bwi.earth\/fr\/wp-json\/wp\/v2\/tags?post=13574"}],"curies":[{"name":"wp","href":"https:\/\/api.w.org\/{rel}","templated":true}]}}