{"id":15265,"date":"2025-08-27T11:17:21","date_gmt":"2025-08-27T09:17:21","guid":{"rendered":"https:\/\/bwi.earth\/?p=15265"},"modified":"2025-08-27T11:46:53","modified_gmt":"2025-08-27T09:46:53","slug":"bwi-aux-geodatadays-2025","status":"publish","type":"post","link":"https:\/\/bwi.earth\/fr\/bwi-aux-geodatadays-2025\/","title":{"rendered":"BWI aux GeoDataDays 2025 : cap sur l\u2019innovation g\u00e9onum\u00e9rique au service du climat"},"content":{"rendered":"    <section class=\"gut-content\">\n        <div class=\"wrap\">\n            <h3 data-start=\"162\" data-end=\"228\">Les GeoDataDays : le rendez-vous national de la g\u00e9onum\u00e9rique<\/h3>\n<p data-start=\"230\" data-end=\"824\">Cr\u00e9\u00e9s en 2018, les <strong data-start=\"249\" data-end=\"264\">GeoDataDays<\/strong> sont devenus l\u2019\u00e9v\u00e9nement de r\u00e9f\u00e9rence en France pour tous les acteurs de la g\u00e9onum\u00e9rique. Chaque ann\u00e9e, ils rassemblent plus de <strong data-start=\"397\" data-end=\"419\">1 600 participants<\/strong>, pr\u00e8s de <strong data-start=\"429\" data-end=\"446\">100 exposants<\/strong> et plus de <strong data-start=\"458\" data-end=\"473\">130 experts <\/strong>autour d\u2019ateliers, conf\u00e9rences et d\u00e9monstrations. V\u00e9ritable laboratoire d\u2019id\u00e9es, ce rendez-vous met en lumi\u00e8re les <strong data-start=\"589\" data-end=\"620\">innovations de la g\u00e9odonn\u00e9e<\/strong> et leurs applications concr\u00e8tes pour l\u2019am\u00e9nagement du territoire, la transition \u00e9cologique, la gestion des risques ou encore le d\u00e9veloppement \u00e9conomique.<\/p>\n<h3 data-start=\"705\" data-end=\"754\">Pourquoi participer aux GeoDataDays ?<\/h3>\n<ol>\n<li data-start=\"185\" data-end=\"489\"><strong data-start=\"185\" data-end=\"218\">Un rendez-vous incontournable<\/strong> : Les GeoDataDays sont le principal \u00e9v\u00e9nement national d\u00e9di\u00e9 \u00e0 la g\u00e9onum\u00e9rique, rassemblant un public vari\u00e9 \u2014 \u00e9lus, chercheurs, professionnels territoriaux et start-ups \u2014 autour des derni\u00e8res innovations de la g\u00e9odonn\u00e9e.<\/li>\n<li data-start=\"185\" data-end=\"489\"><strong data-start=\"492\" data-end=\"515\">Cr\u00e9er des synergies<\/strong> : C\u2019est l\u2019occasion de rencontrer et de collaborer avec d\u2019autres acteurs du spatial et du climat, en valorisant la compl\u00e9mentarit\u00e9 des savoir-faire pour r\u00e9pondre aux grands d\u00e9fis environnementaux.<\/li>\n<li data-start=\"185\" data-end=\"489\"><strong data-start=\"716\" data-end=\"748\">Renforcer son positionnement<\/strong> : \u00catre pr\u00e9sent sur ce salon confirme l\u2019engagement de BWI aux c\u00f4t\u00e9s des leaders de l\u2019innovation spatiale et g\u00e9onum\u00e9rique, au sein d\u2019un \u00e9cosyst\u00e8me reconnu et dynamique.<\/li>\n<li data-start=\"185\" data-end=\"489\"><strong data-start=\"920\" data-end=\"951\">\u00c9changer avec les d\u00e9cideurs<\/strong> : L\u2019\u00e9v\u00e9nement favorise les interactions avec les d\u00e9cideurs publics et priv\u00e9s, offrant un cadre id\u00e9al pour pr\u00e9senter des solutions concr\u00e8tes, construire des partenariats et initier de nouveaux projets.<\/li>\n<\/ol>\n<h3 data-start=\"412\" data-end=\"458\">BWI aux c\u00f4t\u00e9s de partenaires d\u2019excellence<\/h3>\n<p data-start=\"460\" data-end=\"497\">BWI, repr\u00e9sent\u00e9e par Cl\u00e9ment Xanxo, sera sur le <strong data-start=\"1352\" data-end=\"1380\">stand du collectif SCALE <span class=\"relative -mx-px my-[-0.2rem] rounded px-px py-[0.2rem] transition-colors duration-100 ease-in-out\">(Space Climate League)<\/span><\/strong>, aux c\u00f4t\u00e9s de :&nbsp;<\/p>\n<ul data-start=\"499\" data-end=\"662\">\n<li data-start=\"499\" data-end=\"538\">\n<p data-start=\"501\" data-end=\"538\"><span class=\"relative -mx-px my-[-0.2rem] rounded px-px py-[0.2rem] transition-colors duration-100 ease-in-out\"><strong data-start=\"0\" data-end=\"23\" data-is-only-node=\"\">The Climate Company<\/strong> : sp\u00e9cialiste des services climatiques, d\u00e9di\u00e9s notamment \u00e0 la pr\u00e9vision et \u00e0 la gestion de risques li\u00e9s au climat.<\/span><\/p>\n<\/li>\n<li data-start=\"539\" data-end=\"578\">\n<p data-start=\"541\" data-end=\"578\"><span class=\"relative -mx-px my-[-0.2rem] rounded px-px py-[0.2rem] transition-colors duration-100 ease-in-out\"><strong data-start=\"0\" data-end=\"7\" data-is-only-node=\"\">LTU<\/strong> : r\u00e9put\u00e9e pour ses solutions spatiales d\u2019analyse, d\u00e9tection et suivi via satellites.<\/span><\/p>\n<\/li>\n<li data-start=\"579\" data-end=\"620\">\n<p data-start=\"581\" data-end=\"620\"><span class=\"relative -mx-px my-[-0.2rem] rounded px-px py-[0.2rem] transition-colors duration-100 ease-in-out\"><strong data-start=\"0\" data-end=\"10\" data-is-only-node=\"\">WaltR<\/strong>&nbsp;: acteur innovant dans l\u2019interpr\u00e9tation de donn\u00e9es g\u00e9ospatiales pour la qualit\u00e9 de l\u2019air ou la gestion de risques.<\/span><\/p>\n<\/li>\n<li data-start=\"621\" data-end=\"662\">\n<p data-start=\"623\" data-end=\"662\"><span class=\"relative -mx-px my-[-0.2rem] rounded px-px py-[0.2rem] transition-colors duration-100 ease-in-out\"><strong data-start=\"0\" data-end=\"9\" data-is-only-node=\"\">I\u2011Sea<\/strong> : experte en surveillance c\u00f4ti\u00e8re et marine, forte d\u2019approches spatiales pour l\u2019environnement oc\u00e9anique.<\/span><\/p>\n<\/li>\n<\/ul>\n<p>Le collectif, <span class=\"relative -mx-px my-[-0.2rem] rounded px-px py-[0.2rem] transition-colors duration-100 ease-in-out\">lanc\u00e9 en 2023<\/span>&nbsp;par <strong data-start=\"1396\" data-end=\"1416\">Aerospace Valley<\/strong>, <span class=\"relative -mx-px my-[-0.2rem] rounded px-px py-[0.2rem] transition-colors duration-100 ease-in-out\">vise \u00e0 promouvoir les services climatiques innovants fond\u00e9s sur les donn\u00e9es spatiales<\/span>, avec le soutien de l\u2019<strong data-start=\"1618\" data-end=\"1627\">ADEME<\/strong> et du <strong data-start=\"1634\" data-end=\"1664\">French Tech Community Fund<span class=\"relative -mx-px my-[-0.2rem] rounded px-px py-[0.2rem] transition-colors duration-100 ease-in-out\">,<\/span><\/strong><span class=\"relative -mx-px my-[-0.2rem] rounded px-px py-[0.2rem] transition-colors duration-100 ease-in-out\"> renfor\u00e7ant ainsi son r\u00f4le de catalyseur entre recherche, innovation et d\u00e9ploiement op\u00e9rationnel.<\/span>&nbsp;<span class=\"relative -mx-px my-[-0.2rem] rounded px-px py-[0.2rem] transition-colors duration-100 ease-in-out\">Il met en lumi\u00e8re les applications spatiales au b\u00e9n\u00e9fice de la lutte contre le changement climatique, en particulier pour l\u2019adaptation et l\u2019att\u00e9nuation dans les domaines de l\u2019eau, de l\u2019agriculture, de la biodiversit\u00e9, de l\u2019urbanisme, de la qualit\u00e9 de l\u2019air, des \u00e9nergies renouvelables, ou encore de la gestion des risques.<\/span><\/p>\n<p data-start=\"664\" data-end=\"703\"><span class=\"relative -mx-px my-[-0.2rem] rounded px-px py-[0.2rem] transition-colors duration-100 ease-in-out\">Ces partenaires, avec BWI, incarnent la <strong>compl\u00e9mentarit\u00e9 des savoir-faire<\/strong> : de l\u2019analyse thermique \u00e0 l\u2019\u00e9tude des usages du territoire, chacun contribue \u00e0 renforcer la puissance des solutions g\u00e9onum\u00e9riques et climatiques.<\/span><\/p>\n<p data-start=\"664\" data-end=\"703\">&nbsp;<\/p>\n<p data-start=\"1377\" data-end=\"1734\"><strong data-start=\"1377\" data-end=\"1415\">BWI vous attend sur le stand SCALE<\/strong> pour \u00e9changer sur vos besoins, d\u00e9couvrir ses derni\u00e8res innovations et imaginer ensemble les applications spatiales au b\u00e9n\u00e9fice de nos territoires et de la transition \u00e9cologique.<\/p>\n        <\/div>\n    <\/section>\n","protected":false},"excerpt":{"rendered":"<p>BWI est fi\u00e8re d\u2019annoncer sa pr\u00e9sence \u00e0 la 8\u1d49 \u00e9dition des GeoDataDays, qui se tiendra les 10 et 11 septembre 2025 au Parc Chanot \u00e0 Marseille. Un temps fort pour la g\u00e9onum\u00e9rique fran\u00e7aise, qui rassemble plus de 1\u202f600 participants, 100 exposants et 130 experts autour des enjeux de la donn\u00e9e g\u00e9ographique.<\/p>\n","protected":false},"author":18,"featured_media":15246,"comment_status":"closed","ping_status":"closed","sticky":false,"template":"","format":"standard","meta":{"content-type":"","ngg_post_thumbnail":0,"footnotes":""},"categories":[424],"tags":[420,419,573],"class_list":["post-15265","post","type-post","status-publish","format-standard","has-post-thumbnail","hentry","category-event-fr","tag-france-3","tag-hydrologie","tag-space-2"],"acf":[],"yoast_head":"<!-- This site is optimized with the Yoast SEO plugin v26.2 - https:\/\/yoast.com\/wordpress\/plugins\/seo\/ -->\n<title>BWI aux GeoDataDays 2025 : cap sur l\u2019innovation g\u00e9onum\u00e9rique au service du climat - Blue Water Intelligence (BWI)<\/title>\n<meta name=\"description\" content=\"BWI sera pr\u00e9sente aux GeoDataDays 2025 \u00e0 Marseille sur le stand SCALE d\u2019Aerospace Valley aux c\u00f4t\u00e9s de The Climate Company, LTU, Walter et I-Sea.\" \/>\n<meta name=\"robots\" content=\"index, follow, max-snippet:-1, max-image-preview:large, max-video-preview:-1\" \/>\n<link rel=\"canonical\" href=\"https:\/\/bwi.earth\/fr\/bwi-aux-geodatadays-2025\/\" \/>\n<meta property=\"og:locale\" content=\"fr_FR\" \/>\n<meta property=\"og:type\" content=\"article\" \/>\n<meta property=\"og:title\" content=\"BWI aux GeoDataDays 2025 : cap sur l\u2019innovation g\u00e9onum\u00e9rique au service du climat - Blue Water Intelligence (BWI)\" \/>\n<meta property=\"og:description\" content=\"BWI sera pr\u00e9sente aux GeoDataDays 2025 \u00e0 Marseille sur le stand SCALE d\u2019Aerospace Valley aux c\u00f4t\u00e9s de The Climate Company, LTU, Walter et I-Sea.\" \/>\n<meta property=\"og:url\" content=\"https:\/\/bwi.earth\/fr\/bwi-aux-geodatadays-2025\/\" \/>\n<meta property=\"og:site_name\" content=\"Blue Water Intelligence (BWI)\" \/>\n<meta property=\"article:published_time\" content=\"2025-08-27T09:17:21+00:00\" \/>\n<meta property=\"article:modified_time\" content=\"2025-08-27T09:46:53+00:00\" \/>\n<meta property=\"og:image\" content=\"https:\/\/bwi.earth\/wp-content\/uploads\/2025\/08\/adan-hernandez-A2x295wzBlY-unsplash.jpg\" \/>\n\t<meta property=\"og:image:width\" content=\"1920\" \/>\n\t<meta property=\"og:image:height\" content=\"1081\" \/>\n\t<meta property=\"og:image:type\" content=\"image\/jpeg\" \/>\n<meta name=\"author\" content=\"Anne-Sophie Devallet\" \/>\n<meta name=\"twitter:card\" content=\"summary_large_image\" \/>\n<meta name=\"twitter:label1\" content=\"\u00c9crit par\" \/>\n\t<meta name=\"twitter:data1\" content=\"Anne-Sophie Devallet\" \/>\n\t<meta name=\"twitter:label2\" content=\"Dur\u00e9e de lecture estim\u00e9e\" \/>\n\t<meta name=\"twitter:data2\" content=\"3 minutes\" \/>\n<script type=\"application\/ld+json\" class=\"yoast-schema-graph\">{\"@context\":\"https:\/\/schema.org\",\"@graph\":[{\"@type\":\"Article\",\"@id\":\"https:\/\/bwi.earth\/fr\/bwi-aux-geodatadays-2025\/#article\",\"isPartOf\":{\"@id\":\"https:\/\/bwi.earth\/fr\/bwi-aux-geodatadays-2025\/\"},\"author\":{\"name\":\"Anne-Sophie Devallet\",\"@id\":\"https:\/\/bwi.earth\/fr\/#\/schema\/person\/b2c56b9a6a52df7d2f243115836b69fa\"},\"headline\":\"BWI aux GeoDataDays 2025 : cap sur l\u2019innovation g\u00e9onum\u00e9rique au service du climat\",\"datePublished\":\"2025-08-27T09:17:21+00:00\",\"dateModified\":\"2025-08-27T09:46:53+00:00\",\"mainEntityOfPage\":{\"@id\":\"https:\/\/bwi.earth\/fr\/bwi-aux-geodatadays-2025\/\"},\"wordCount\":14,\"publisher\":{\"@id\":\"https:\/\/bwi.earth\/fr\/#organization\"},\"image\":{\"@id\":\"https:\/\/bwi.earth\/fr\/bwi-aux-geodatadays-2025\/#primaryimage\"},\"thumbnailUrl\":\"https:\/\/bwi.earth\/wp-content\/uploads\/2025\/08\/adan-hernandez-A2x295wzBlY-unsplash.jpg\",\"keywords\":[\"france\",\"hydrologie\",\"space\"],\"articleSection\":[\"EVENT\"],\"inLanguage\":\"fr-FR\"},{\"@type\":\"WebPage\",\"@id\":\"https:\/\/bwi.earth\/fr\/bwi-aux-geodatadays-2025\/\",\"url\":\"https:\/\/bwi.earth\/fr\/bwi-aux-geodatadays-2025\/\",\"name\":\"BWI aux GeoDataDays 2025 : cap sur l\u2019innovation g\u00e9onum\u00e9rique au service du climat - Blue Water Intelligence (BWI)\",\"isPartOf\":{\"@id\":\"https:\/\/bwi.earth\/fr\/#website\"},\"primaryImageOfPage\":{\"@id\":\"https:\/\/bwi.earth\/fr\/bwi-aux-geodatadays-2025\/#primaryimage\"},\"image\":{\"@id\":\"https:\/\/bwi.earth\/fr\/bwi-aux-geodatadays-2025\/#primaryimage\"},\"thumbnailUrl\":\"https:\/\/bwi.earth\/wp-content\/uploads\/2025\/08\/adan-hernandez-A2x295wzBlY-unsplash.jpg\",\"datePublished\":\"2025-08-27T09:17:21+00:00\",\"dateModified\":\"2025-08-27T09:46:53+00:00\",\"description\":\"BWI sera pr\u00e9sente aux GeoDataDays 2025 \u00e0 Marseille sur le stand SCALE d\u2019Aerospace Valley aux c\u00f4t\u00e9s de The Climate Company, LTU, Walter et I-Sea.\",\"breadcrumb\":{\"@id\":\"https:\/\/bwi.earth\/fr\/bwi-aux-geodatadays-2025\/#breadcrumb\"},\"inLanguage\":\"fr-FR\",\"potentialAction\":[{\"@type\":\"ReadAction\",\"target\":[\"https:\/\/bwi.earth\/fr\/bwi-aux-geodatadays-2025\/\"]}]},{\"@type\":\"ImageObject\",\"inLanguage\":\"fr-FR\",\"@id\":\"https:\/\/bwi.earth\/fr\/bwi-aux-geodatadays-2025\/#primaryimage\",\"url\":\"https:\/\/bwi.earth\/wp-content\/uploads\/2025\/08\/adan-hernandez-A2x295wzBlY-unsplash.jpg\",\"contentUrl\":\"https:\/\/bwi.earth\/wp-content\/uploads\/2025\/08\/adan-hernandez-A2x295wzBlY-unsplash.jpg\",\"width\":1920,\"height\":1081},{\"@type\":\"BreadcrumbList\",\"@id\":\"https:\/\/bwi.earth\/fr\/bwi-aux-geodatadays-2025\/#breadcrumb\",\"itemListElement\":[{\"@type\":\"ListItem\",\"position\":1,\"name\":\"Home\",\"item\":\"https:\/\/bwi.earth\/fr\/\"},{\"@type\":\"ListItem\",\"position\":2,\"name\":\"BWI aux GeoDataDays 2025 : cap sur l\u2019innovation g\u00e9onum\u00e9rique au service du climat\"}]},{\"@type\":\"WebSite\",\"@id\":\"https:\/\/bwi.earth\/fr\/#website\",\"url\":\"https:\/\/bwi.earth\/fr\/\",\"name\":\"Blue Water Intelligence (BWI)\",\"description\":\"The River Basin Digitization Company\",\"publisher\":{\"@id\":\"https:\/\/bwi.earth\/fr\/#organization\"},\"potentialAction\":[{\"@type\":\"SearchAction\",\"target\":{\"@type\":\"EntryPoint\",\"urlTemplate\":\"https:\/\/bwi.earth\/fr\/?s={search_term_string}\"},\"query-input\":{\"@type\":\"PropertyValueSpecification\",\"valueRequired\":true,\"valueName\":\"search_term_string\"}}],\"inLanguage\":\"fr-FR\"},{\"@type\":\"Organization\",\"@id\":\"https:\/\/bwi.earth\/fr\/#organization\",\"name\":\"Blue Water Intelligence (BWI)\",\"url\":\"https:\/\/bwi.earth\/fr\/\",\"logo\":{\"@type\":\"ImageObject\",\"inLanguage\":\"fr-FR\",\"@id\":\"https:\/\/bwi.earth\/fr\/#\/schema\/logo\/image\/\",\"url\":\"https:\/\/bwi.earth\/wp-content\/uploads\/2023\/03\/cropped-logo_couleur_bwi.png\",\"contentUrl\":\"https:\/\/bwi.earth\/wp-content\/uploads\/2023\/03\/cropped-logo_couleur_bwi.png\",\"width\":4190,\"height\":1970,\"caption\":\"Blue Water Intelligence (BWI)\"},\"image\":{\"@id\":\"https:\/\/bwi.earth\/fr\/#\/schema\/logo\/image\/\"}},{\"@type\":\"Person\",\"@id\":\"https:\/\/bwi.earth\/fr\/#\/schema\/person\/b2c56b9a6a52df7d2f243115836b69fa\",\"name\":\"Anne-Sophie Devallet\",\"image\":{\"@type\":\"ImageObject\",\"inLanguage\":\"fr-FR\",\"@id\":\"https:\/\/bwi.earth\/fr\/#\/schema\/person\/image\/\",\"url\":\"https:\/\/secure.gravatar.com\/avatar\/67fb55e75d770789497bfab1b8fccf26b087b4e4d0a6196fbe5dac2b5514bed9?s=96&d=mm&r=g\",\"contentUrl\":\"https:\/\/secure.gravatar.com\/avatar\/67fb55e75d770789497bfab1b8fccf26b087b4e4d0a6196fbe5dac2b5514bed9?s=96&d=mm&r=g\",\"caption\":\"Anne-Sophie Devallet\"},\"url\":\"https:\/\/bwi.earth\/fr\/author\/anne-sophie\/\"}]}<\/script>\n<!-- \/ Yoast SEO plugin. -->","yoast_head_json":{"title":"BWI aux GeoDataDays 2025 : cap sur l\u2019innovation g\u00e9onum\u00e9rique au service du climat - Blue Water Intelligence (BWI)","description":"BWI sera pr\u00e9sente aux GeoDataDays 2025 \u00e0 Marseille sur le stand SCALE d\u2019Aerospace Valley aux c\u00f4t\u00e9s de The Climate Company, LTU, Walter et I-Sea.","robots":{"index":"index","follow":"follow","max-snippet":"max-snippet:-1","max-image-preview":"max-image-preview:large","max-video-preview":"max-video-preview:-1"},"canonical":"https:\/\/bwi.earth\/fr\/bwi-aux-geodatadays-2025\/","og_locale":"fr_FR","og_type":"article","og_title":"BWI aux GeoDataDays 2025 : cap sur l\u2019innovation g\u00e9onum\u00e9rique au service du climat - Blue Water Intelligence (BWI)","og_description":"BWI sera pr\u00e9sente aux GeoDataDays 2025 \u00e0 Marseille sur le stand SCALE d\u2019Aerospace Valley aux c\u00f4t\u00e9s de The Climate Company, LTU, Walter et I-Sea.","og_url":"https:\/\/bwi.earth\/fr\/bwi-aux-geodatadays-2025\/","og_site_name":"Blue Water Intelligence (BWI)","article_published_time":"2025-08-27T09:17:21+00:00","article_modified_time":"2025-08-27T09:46:53+00:00","og_image":[{"width":1920,"height":1081,"url":"https:\/\/bwi.earth\/wp-content\/uploads\/2025\/08\/adan-hernandez-A2x295wzBlY-unsplash.jpg","type":"image\/jpeg"}],"author":"Anne-Sophie Devallet","twitter_card":"summary_large_image","twitter_misc":{"\u00c9crit par":"Anne-Sophie Devallet","Dur\u00e9e de lecture estim\u00e9e":"3 minutes"},"schema":{"@context":"https:\/\/schema.org","@graph":[{"@type":"Article","@id":"https:\/\/bwi.earth\/fr\/bwi-aux-geodatadays-2025\/#article","isPartOf":{"@id":"https:\/\/bwi.earth\/fr\/bwi-aux-geodatadays-2025\/"},"author":{"name":"Anne-Sophie Devallet","@id":"https:\/\/bwi.earth\/fr\/#\/schema\/person\/b2c56b9a6a52df7d2f243115836b69fa"},"headline":"BWI aux GeoDataDays 2025 : cap sur l\u2019innovation g\u00e9onum\u00e9rique au service du climat","datePublished":"2025-08-27T09:17:21+00:00","dateModified":"2025-08-27T09:46:53+00:00","mainEntityOfPage":{"@id":"https:\/\/bwi.earth\/fr\/bwi-aux-geodatadays-2025\/"},"wordCount":14,"publisher":{"@id":"https:\/\/bwi.earth\/fr\/#organization"},"image":{"@id":"https:\/\/bwi.earth\/fr\/bwi-aux-geodatadays-2025\/#primaryimage"},"thumbnailUrl":"https:\/\/bwi.earth\/wp-content\/uploads\/2025\/08\/adan-hernandez-A2x295wzBlY-unsplash.jpg","keywords":["france","hydrologie","space"],"articleSection":["EVENT"],"inLanguage":"fr-FR"},{"@type":"WebPage","@id":"https:\/\/bwi.earth\/fr\/bwi-aux-geodatadays-2025\/","url":"https:\/\/bwi.earth\/fr\/bwi-aux-geodatadays-2025\/","name":"BWI aux GeoDataDays 2025 : cap sur l\u2019innovation g\u00e9onum\u00e9rique au service du climat - Blue Water Intelligence (BWI)","isPartOf":{"@id":"https:\/\/bwi.earth\/fr\/#website"},"primaryImageOfPage":{"@id":"https:\/\/bwi.earth\/fr\/bwi-aux-geodatadays-2025\/#primaryimage"},"image":{"@id":"https:\/\/bwi.earth\/fr\/bwi-aux-geodatadays-2025\/#primaryimage"},"thumbnailUrl":"https:\/\/bwi.earth\/wp-content\/uploads\/2025\/08\/adan-hernandez-A2x295wzBlY-unsplash.jpg","datePublished":"2025-08-27T09:17:21+00:00","dateModified":"2025-08-27T09:46:53+00:00","description":"BWI sera pr\u00e9sente aux GeoDataDays 2025 \u00e0 Marseille sur le stand SCALE d\u2019Aerospace Valley aux c\u00f4t\u00e9s de The Climate Company, LTU, Walter et I-Sea.","breadcrumb":{"@id":"https:\/\/bwi.earth\/fr\/bwi-aux-geodatadays-2025\/#breadcrumb"},"inLanguage":"fr-FR","potentialAction":[{"@type":"ReadAction","target":["https:\/\/bwi.earth\/fr\/bwi-aux-geodatadays-2025\/"]}]},{"@type":"ImageObject","inLanguage":"fr-FR","@id":"https:\/\/bwi.earth\/fr\/bwi-aux-geodatadays-2025\/#primaryimage","url":"https:\/\/bwi.earth\/wp-content\/uploads\/2025\/08\/adan-hernandez-A2x295wzBlY-unsplash.jpg","contentUrl":"https:\/\/bwi.earth\/wp-content\/uploads\/2025\/08\/adan-hernandez-A2x295wzBlY-unsplash.jpg","width":1920,"height":1081},{"@type":"BreadcrumbList","@id":"https:\/\/bwi.earth\/fr\/bwi-aux-geodatadays-2025\/#breadcrumb","itemListElement":[{"@type":"ListItem","position":1,"name":"Home","item":"https:\/\/bwi.earth\/fr\/"},{"@type":"ListItem","position":2,"name":"BWI aux GeoDataDays 2025 : cap sur l\u2019innovation g\u00e9onum\u00e9rique au service du climat"}]},{"@type":"WebSite","@id":"https:\/\/bwi.earth\/fr\/#website","url":"https:\/\/bwi.earth\/fr\/","name":"Blue Water Intelligence (BWI)","description":"The River Basin Digitization Company","publisher":{"@id":"https:\/\/bwi.earth\/fr\/#organization"},"potentialAction":[{"@type":"SearchAction","target":{"@type":"EntryPoint","urlTemplate":"https:\/\/bwi.earth\/fr\/?s={search_term_string}"},"query-input":{"@type":"PropertyValueSpecification","valueRequired":true,"valueName":"search_term_string"}}],"inLanguage":"fr-FR"},{"@type":"Organization","@id":"https:\/\/bwi.earth\/fr\/#organization","name":"Blue Water Intelligence (BWI)","url":"https:\/\/bwi.earth\/fr\/","logo":{"@type":"ImageObject","inLanguage":"fr-FR","@id":"https:\/\/bwi.earth\/fr\/#\/schema\/logo\/image\/","url":"https:\/\/bwi.earth\/wp-content\/uploads\/2023\/03\/cropped-logo_couleur_bwi.png","contentUrl":"https:\/\/bwi.earth\/wp-content\/uploads\/2023\/03\/cropped-logo_couleur_bwi.png","width":4190,"height":1970,"caption":"Blue Water Intelligence (BWI)"},"image":{"@id":"https:\/\/bwi.earth\/fr\/#\/schema\/logo\/image\/"}},{"@type":"Person","@id":"https:\/\/bwi.earth\/fr\/#\/schema\/person\/b2c56b9a6a52df7d2f243115836b69fa","name":"Anne-Sophie Devallet","image":{"@type":"ImageObject","inLanguage":"fr-FR","@id":"https:\/\/bwi.earth\/fr\/#\/schema\/person\/image\/","url":"https:\/\/secure.gravatar.com\/avatar\/67fb55e75d770789497bfab1b8fccf26b087b4e4d0a6196fbe5dac2b5514bed9?s=96&d=mm&r=g","contentUrl":"https:\/\/secure.gravatar.com\/avatar\/67fb55e75d770789497bfab1b8fccf26b087b4e4d0a6196fbe5dac2b5514bed9?s=96&d=mm&r=g","caption":"Anne-Sophie Devallet"},"url":"https:\/\/bwi.earth\/fr\/author\/anne-sophie\/"}]}},"_links":{"self":[{"href":"https:\/\/bwi.earth\/fr\/wp-json\/wp\/v2\/posts\/15265","targetHints":{"allow":["GET"]}}],"collection":[{"href":"https:\/\/bwi.earth\/fr\/wp-json\/wp\/v2\/posts"}],"about":[{"href":"https:\/\/bwi.earth\/fr\/wp-json\/wp\/v2\/types\/post"}],"author":[{"embeddable":true,"href":"https:\/\/bwi.earth\/fr\/wp-json\/wp\/v2\/users\/18"}],"replies":[{"embeddable":true,"href":"https:\/\/bwi.earth\/fr\/wp-json\/wp\/v2\/comments?post=15265"}],"version-history":[{"count":16,"href":"https:\/\/bwi.earth\/fr\/wp-json\/wp\/v2\/posts\/15265\/revisions"}],"predecessor-version":[{"id":15285,"href":"https:\/\/bwi.earth\/fr\/wp-json\/wp\/v2\/posts\/15265\/revisions\/15285"}],"wp:featuredmedia":[{"embeddable":true,"href":"https:\/\/bwi.earth\/fr\/wp-json\/wp\/v2\/media\/15246"}],"wp:attachment":[{"href":"https:\/\/bwi.earth\/fr\/wp-json\/wp\/v2\/media?parent=15265"}],"wp:term":[{"taxonomy":"category","embeddable":true,"href":"https:\/\/bwi.earth\/fr\/wp-json\/wp\/v2\/categories?post=15265"},{"taxonomy":"post_tag","embeddable":true,"href":"https:\/\/bwi.earth\/fr\/wp-json\/wp\/v2\/tags?post=15265"}],"curies":[{"name":"wp","href":"https:\/\/api.w.org\/{rel}","templated":true}]}}