{"id":17272,"date":"2025-11-05T16:31:41","date_gmt":"2025-11-05T15:31:41","guid":{"rendered":"https:\/\/bwi.earth\/?p=17272"},"modified":"2025-11-07T16:05:41","modified_gmt":"2025-11-07T15:05:41","slug":"apero-de-hydro-franco-senegalais","status":"publish","type":"post","link":"https:\/\/bwi.earth\/fr\/apero-de-hydro-franco-senegalais\/","title":{"rendered":"BWI vous invite \u00e0 l\u2019Ap\u00e9ro de l\u2019Hydro franco-s\u00e9n\u00e9galais"},"content":{"rendered":"    <section class=\"gut-content\">\n        <div class=\"wrap\">\n            <p>Le <strong>lundi 17 novembre 2025<\/strong>, BWI accueillera une \u00e9dition sp\u00e9ciale de notre \u00e9v\u00e9nement, l\u2019Ap\u00e9ro de l\u2019Hydro, au B612, Toulouse.<\/p>\n<h2>Un rendez-vous d\u2019\u00e9changes et de coop\u00e9ration<\/h2>\n<p>Nous aurons prochainement le plaisir d\u2019accueillir \u00e0 Toulouse une d\u00e9l\u00e9gation de la <a href=\"https:\/\/www.linkedin.com\/company\/saed-senegal\/\" target=\"_blank\" rel=\"noopener\">SAED SENEGAL<\/a> (Soci\u00e9t\u00e9 d\u2019Am\u00e9nagement et d\u2019Exploitation des terres du Delta du fleuve S\u00e9n\u00e9gal et de la Fal\u00e9m\u00e9). \u00c0 cette occasion, nous organisons l\u2019<strong>Ap\u00e9ro de l\u2019Hydro franco-s\u00e9n\u00e9galais<\/strong>, un moment d\u00e9di\u00e9 aux \u00e9changes techniques et \u00e0 la coop\u00e9ration bilat\u00e9rale sur les enjeux de l\u2019eau, de l\u2019irrigation et du climat.<\/p>\n<p>Cet \u00e9v\u00e9nement r\u00e9unira des acteurs engag\u00e9s dans la gestion durable de la ressource en eau, et dans l\u2019innovation collaborative sur les grands enjeux soci\u00e9taux et environnementaux de notre temps.<\/p>\n<h2>Au programme<\/h2>\n<ul>\n<li>Des <strong>pr\u00e9sentations<\/strong> de SAED S\u00e9n\u00e9gal, BWI, CRBE (CNRS), GRET, Agence de l\u2019Eau Adour-Garonne, Rives &amp; Eaux du Sud-Ouest, The Climate Company, HD Rain<\/li>\n<li>Un <strong>ap\u00e9ritif d\u00eenatoire<\/strong> et <strong>networking<\/strong>, pour prolonger les \u00e9changes dans un cadre convivial<\/li>\n<\/ul>\n<h2>Informations pratiques<\/h2>\n<p><strong>Date<\/strong> : Lundi 17 novembre 2025<br \/>\n<strong>Heure<\/strong> : 17h00 pr\u00e9cises \u2013 20h00<br \/>\n<strong>Lieu<\/strong> : B612 \u2013 3 rue Tarfaya, 31400 Toulouse<br \/>\n<strong>Entr\u00e9e gratuite sur inscription<\/strong> (places limit\u00e9es)<\/p>\n<p>\ud83d\udc49 <a href=\"https:\/\/share-eu1.hsforms.com\/25z0jUd_0Qhe9DHjhRXGwvAfsf75\"><strong>Pour s\u2019inscrire, c&rsquo;est ici<\/strong><\/a><\/p>\n<p>Au plaisir de vous y retrouver !<\/p>\n        <\/div>\n    <\/section>\n\n\n\n<figure class=\"wp-block-image size-large\"><a href=\"https:\/\/share-eu1.hsforms.com\/25z0jUd_0Qhe9DHjhRXGwvAfsf75\"><img loading=\"lazy\" decoding=\"async\" width=\"1024\" height=\"556\" src=\"https:\/\/bwi.earth\/wp-content\/uploads\/2025\/11\/AperoHydro2025-1024x556.png\" alt=\"Ap\u00e9ro de l'Hydro franco-s\u00e9n\u00e9galais\" class=\"wp-image-17273\" srcset=\"https:\/\/bwi.earth\/wp-content\/uploads\/2025\/11\/AperoHydro2025-1024x556.png 1024w, https:\/\/bwi.earth\/wp-content\/uploads\/2025\/11\/AperoHydro2025-300x163.png 300w, https:\/\/bwi.earth\/wp-content\/uploads\/2025\/11\/AperoHydro2025-768x417.png 768w, https:\/\/bwi.earth\/wp-content\/uploads\/2025\/11\/AperoHydro2025-1536x834.png 1536w, https:\/\/bwi.earth\/wp-content\/uploads\/2025\/11\/AperoHydro2025-2048x1112.png 2048w, https:\/\/bwi.earth\/wp-content\/uploads\/2025\/11\/AperoHydro2025-1920x1042.png 1920w\" sizes=\"auto, (max-width: 1024px) 100vw, 1024px\" \/><\/a><\/figure>\n\n\n\n<figure class=\"wp-block-image size-large\"><a href=\"https:\/\/bwi.earth\/fr\/contact-bwi\/\" target=\"_blank\" rel=\" noreferrer noopener\"><img loading=\"lazy\" decoding=\"async\" width=\"1024\" height=\"333\" src=\"https:\/\/bwi.earth\/wp-content\/uploads\/2025\/10\/BWI-Contact-FR-1024x333.png\" alt=\"\" class=\"wp-image-17260\" srcset=\"https:\/\/bwi.earth\/wp-content\/uploads\/2025\/10\/BWI-Contact-FR-1024x333.png 1024w, https:\/\/bwi.earth\/wp-content\/uploads\/2025\/10\/BWI-Contact-FR-300x98.png 300w, https:\/\/bwi.earth\/wp-content\/uploads\/2025\/10\/BWI-Contact-FR-768x250.png 768w, https:\/\/bwi.earth\/wp-content\/uploads\/2025\/10\/BWI-Contact-FR-1536x500.png 1536w, https:\/\/bwi.earth\/wp-content\/uploads\/2025\/10\/BWI-Contact-FR-1920x625.png 1920w, https:\/\/bwi.earth\/wp-content\/uploads\/2025\/10\/BWI-Contact-FR.png 1950w\" sizes=\"auto, (max-width: 1024px) 100vw, 1024px\" \/><\/a><\/figure>\n","protected":false},"excerpt":{"rendered":"<p>Rejoignez-nous le 17 novembre 2025 \u00e0 Toulouse pour l\u2019Ap\u00e9ro de l\u2019Hydro franco-s\u00e9n\u00e9galais.<\/p>\n","protected":false},"author":23,"featured_media":0,"comment_status":"closed","ping_status":"closed","sticky":false,"template":"","format":"standard","meta":{"content-type":"","ngg_post_thumbnail":0,"footnotes":""},"categories":[424],"tags":[420,419,953],"class_list":["post-17272","post","type-post","status-publish","format-standard","hentry","category-event-fr","tag-france-3","tag-hydrologie","tag-senegal"],"acf":[],"yoast_head":"<!-- This site is optimized with the Yoast SEO plugin v26.2 - https:\/\/yoast.com\/wordpress\/plugins\/seo\/ -->\n<title>BWI vous invite \u00e0 l\u2019Ap\u00e9ro de l\u2019Hydro franco-s\u00e9n\u00e9galais - Blue Water Intelligence (BWI)<\/title>\n<meta name=\"description\" content=\"Participez \u00e0 l\u2019Ap\u00e9ro de l\u2019Hydro franco-s\u00e9n\u00e9galais le 17 novembre 2025 - un \u00e9v\u00e9nement d\u00e9di\u00e9 aux \u00e9changes sur l\u2019eau, l\u2019irrigation et le climat.\" \/>\n<meta name=\"robots\" content=\"index, follow, max-snippet:-1, max-image-preview:large, max-video-preview:-1\" \/>\n<link rel=\"canonical\" href=\"https:\/\/bwi.earth\/fr\/apero-de-hydro-franco-senegalais\/\" \/>\n<meta property=\"og:locale\" content=\"fr_FR\" \/>\n<meta property=\"og:type\" content=\"article\" \/>\n<meta property=\"og:title\" content=\"BWI vous invite \u00e0 l\u2019Ap\u00e9ro de l\u2019Hydro franco-s\u00e9n\u00e9galais - Blue Water Intelligence (BWI)\" \/>\n<meta property=\"og:description\" content=\"Participez \u00e0 l\u2019Ap\u00e9ro de l\u2019Hydro franco-s\u00e9n\u00e9galais le 17 novembre 2025 - un \u00e9v\u00e9nement d\u00e9di\u00e9 aux \u00e9changes sur l\u2019eau, l\u2019irrigation et le climat.\" \/>\n<meta property=\"og:url\" content=\"https:\/\/bwi.earth\/fr\/apero-de-hydro-franco-senegalais\/\" \/>\n<meta property=\"og:site_name\" content=\"Blue Water Intelligence (BWI)\" \/>\n<meta property=\"article:published_time\" content=\"2025-11-05T15:31:41+00:00\" \/>\n<meta property=\"article:modified_time\" content=\"2025-11-07T15:05:41+00:00\" \/>\n<meta property=\"og:image\" content=\"https:\/\/bwi.earth\/wp-content\/uploads\/2025\/11\/AperoHydro2025-scaled.png\" \/>\n\t<meta property=\"og:image:width\" content=\"2560\" \/>\n\t<meta property=\"og:image:height\" content=\"1390\" \/>\n\t<meta property=\"og:image:type\" content=\"image\/png\" \/>\n<meta name=\"author\" content=\"Thuy Dung Vu\" \/>\n<meta name=\"twitter:card\" content=\"summary_large_image\" \/>\n<meta name=\"twitter:label1\" content=\"\u00c9crit par\" \/>\n\t<meta name=\"twitter:data1\" content=\"Thuy Dung Vu\" \/>\n\t<meta name=\"twitter:label2\" content=\"Dur\u00e9e de lecture estim\u00e9e\" \/>\n\t<meta name=\"twitter:data2\" content=\"2 minutes\" \/>\n<script type=\"application\/ld+json\" class=\"yoast-schema-graph\">{\"@context\":\"https:\/\/schema.org\",\"@graph\":[{\"@type\":\"Article\",\"@id\":\"https:\/\/bwi.earth\/fr\/apero-de-hydro-franco-senegalais\/#article\",\"isPartOf\":{\"@id\":\"https:\/\/bwi.earth\/fr\/apero-de-hydro-franco-senegalais\/\"},\"author\":{\"name\":\"Thuy Dung Vu\",\"@id\":\"https:\/\/bwi.earth\/fr\/#\/schema\/person\/f3192d1c2e4527af4d5df38bffcab80e\"},\"headline\":\"BWI vous invite \u00e0 l\u2019Ap\u00e9ro de l\u2019Hydro franco-s\u00e9n\u00e9galais\",\"datePublished\":\"2025-11-05T15:31:41+00:00\",\"dateModified\":\"2025-11-07T15:05:41+00:00\",\"mainEntityOfPage\":{\"@id\":\"https:\/\/bwi.earth\/fr\/apero-de-hydro-franco-senegalais\/\"},\"wordCount\":12,\"publisher\":{\"@id\":\"https:\/\/bwi.earth\/fr\/#organization\"},\"image\":{\"@id\":\"https:\/\/bwi.earth\/fr\/apero-de-hydro-franco-senegalais\/#primaryimage\"},\"thumbnailUrl\":\"https:\/\/bwi.earth\/wp-content\/uploads\/2025\/11\/AperoHydro2025-1024x556.png\",\"keywords\":[\"france\",\"hydrologie\",\"S\u00e9n\u00e9gal\"],\"articleSection\":[\"EVENT\"],\"inLanguage\":\"fr-FR\"},{\"@type\":\"WebPage\",\"@id\":\"https:\/\/bwi.earth\/fr\/apero-de-hydro-franco-senegalais\/\",\"url\":\"https:\/\/bwi.earth\/fr\/apero-de-hydro-franco-senegalais\/\",\"name\":\"BWI vous invite \u00e0 l\u2019Ap\u00e9ro de l\u2019Hydro franco-s\u00e9n\u00e9galais - Blue Water Intelligence (BWI)\",\"isPartOf\":{\"@id\":\"https:\/\/bwi.earth\/fr\/#website\"},\"primaryImageOfPage\":{\"@id\":\"https:\/\/bwi.earth\/fr\/apero-de-hydro-franco-senegalais\/#primaryimage\"},\"image\":{\"@id\":\"https:\/\/bwi.earth\/fr\/apero-de-hydro-franco-senegalais\/#primaryimage\"},\"thumbnailUrl\":\"https:\/\/bwi.earth\/wp-content\/uploads\/2025\/11\/AperoHydro2025-1024x556.png\",\"datePublished\":\"2025-11-05T15:31:41+00:00\",\"dateModified\":\"2025-11-07T15:05:41+00:00\",\"description\":\"Participez \u00e0 l\u2019Ap\u00e9ro de l\u2019Hydro franco-s\u00e9n\u00e9galais le 17 novembre 2025 - un \u00e9v\u00e9nement d\u00e9di\u00e9 aux \u00e9changes sur l\u2019eau, l\u2019irrigation et le climat.\",\"breadcrumb\":{\"@id\":\"https:\/\/bwi.earth\/fr\/apero-de-hydro-franco-senegalais\/#breadcrumb\"},\"inLanguage\":\"fr-FR\",\"potentialAction\":[{\"@type\":\"ReadAction\",\"target\":[\"https:\/\/bwi.earth\/fr\/apero-de-hydro-franco-senegalais\/\"]}]},{\"@type\":\"ImageObject\",\"inLanguage\":\"fr-FR\",\"@id\":\"https:\/\/bwi.earth\/fr\/apero-de-hydro-franco-senegalais\/#primaryimage\",\"url\":\"https:\/\/bwi.earth\/wp-content\/uploads\/2025\/11\/AperoHydro2025-1024x556.png\",\"contentUrl\":\"https:\/\/bwi.earth\/wp-content\/uploads\/2025\/11\/AperoHydro2025-1024x556.png\"},{\"@type\":\"BreadcrumbList\",\"@id\":\"https:\/\/bwi.earth\/fr\/apero-de-hydro-franco-senegalais\/#breadcrumb\",\"itemListElement\":[{\"@type\":\"ListItem\",\"position\":1,\"name\":\"Home\",\"item\":\"https:\/\/bwi.earth\/fr\/\"},{\"@type\":\"ListItem\",\"position\":2,\"name\":\"BWI vous invite \u00e0 l\u2019Ap\u00e9ro de l\u2019Hydro franco-s\u00e9n\u00e9galais\"}]},{\"@type\":\"WebSite\",\"@id\":\"https:\/\/bwi.earth\/fr\/#website\",\"url\":\"https:\/\/bwi.earth\/fr\/\",\"name\":\"Blue Water Intelligence (BWI)\",\"description\":\"The River Basin Digitization Company\",\"publisher\":{\"@id\":\"https:\/\/bwi.earth\/fr\/#organization\"},\"potentialAction\":[{\"@type\":\"SearchAction\",\"target\":{\"@type\":\"EntryPoint\",\"urlTemplate\":\"https:\/\/bwi.earth\/fr\/?s={search_term_string}\"},\"query-input\":{\"@type\":\"PropertyValueSpecification\",\"valueRequired\":true,\"valueName\":\"search_term_string\"}}],\"inLanguage\":\"fr-FR\"},{\"@type\":\"Organization\",\"@id\":\"https:\/\/bwi.earth\/fr\/#organization\",\"name\":\"Blue Water Intelligence (BWI)\",\"url\":\"https:\/\/bwi.earth\/fr\/\",\"logo\":{\"@type\":\"ImageObject\",\"inLanguage\":\"fr-FR\",\"@id\":\"https:\/\/bwi.earth\/fr\/#\/schema\/logo\/image\/\",\"url\":\"https:\/\/bwi.earth\/wp-content\/uploads\/2023\/03\/cropped-logo_couleur_bwi.png\",\"contentUrl\":\"https:\/\/bwi.earth\/wp-content\/uploads\/2023\/03\/cropped-logo_couleur_bwi.png\",\"width\":4190,\"height\":1970,\"caption\":\"Blue Water Intelligence (BWI)\"},\"image\":{\"@id\":\"https:\/\/bwi.earth\/fr\/#\/schema\/logo\/image\/\"}},{\"@type\":\"Person\",\"@id\":\"https:\/\/bwi.earth\/fr\/#\/schema\/person\/f3192d1c2e4527af4d5df38bffcab80e\",\"name\":\"Thuy Dung Vu\",\"image\":{\"@type\":\"ImageObject\",\"inLanguage\":\"fr-FR\",\"@id\":\"https:\/\/bwi.earth\/fr\/#\/schema\/person\/image\/\",\"url\":\"https:\/\/secure.gravatar.com\/avatar\/e671bad985855a69f36e7c27eb1f474285ef149586b440fecad2ce607b6a4bf3?s=96&d=mm&r=g\",\"contentUrl\":\"https:\/\/secure.gravatar.com\/avatar\/e671bad985855a69f36e7c27eb1f474285ef149586b440fecad2ce607b6a4bf3?s=96&d=mm&r=g\",\"caption\":\"Thuy Dung Vu\"},\"url\":\"https:\/\/bwi.earth\/fr\/author\/thuydung\/\"}]}<\/script>\n<!-- \/ Yoast SEO plugin. -->","yoast_head_json":{"title":"BWI vous invite \u00e0 l\u2019Ap\u00e9ro de l\u2019Hydro franco-s\u00e9n\u00e9galais - Blue Water Intelligence (BWI)","description":"Participez \u00e0 l\u2019Ap\u00e9ro de l\u2019Hydro franco-s\u00e9n\u00e9galais le 17 novembre 2025 - un \u00e9v\u00e9nement d\u00e9di\u00e9 aux \u00e9changes sur l\u2019eau, l\u2019irrigation et le climat.","robots":{"index":"index","follow":"follow","max-snippet":"max-snippet:-1","max-image-preview":"max-image-preview:large","max-video-preview":"max-video-preview:-1"},"canonical":"https:\/\/bwi.earth\/fr\/apero-de-hydro-franco-senegalais\/","og_locale":"fr_FR","og_type":"article","og_title":"BWI vous invite \u00e0 l\u2019Ap\u00e9ro de l\u2019Hydro franco-s\u00e9n\u00e9galais - Blue Water Intelligence (BWI)","og_description":"Participez \u00e0 l\u2019Ap\u00e9ro de l\u2019Hydro franco-s\u00e9n\u00e9galais le 17 novembre 2025 - un \u00e9v\u00e9nement d\u00e9di\u00e9 aux \u00e9changes sur l\u2019eau, l\u2019irrigation et le climat.","og_url":"https:\/\/bwi.earth\/fr\/apero-de-hydro-franco-senegalais\/","og_site_name":"Blue Water Intelligence (BWI)","article_published_time":"2025-11-05T15:31:41+00:00","article_modified_time":"2025-11-07T15:05:41+00:00","og_image":[{"width":2560,"height":1390,"url":"https:\/\/bwi.earth\/wp-content\/uploads\/2025\/11\/AperoHydro2025-scaled.png","type":"image\/png"}],"author":"Thuy Dung Vu","twitter_card":"summary_large_image","twitter_misc":{"\u00c9crit par":"Thuy Dung Vu","Dur\u00e9e de lecture estim\u00e9e":"2 minutes"},"schema":{"@context":"https:\/\/schema.org","@graph":[{"@type":"Article","@id":"https:\/\/bwi.earth\/fr\/apero-de-hydro-franco-senegalais\/#article","isPartOf":{"@id":"https:\/\/bwi.earth\/fr\/apero-de-hydro-franco-senegalais\/"},"author":{"name":"Thuy Dung Vu","@id":"https:\/\/bwi.earth\/fr\/#\/schema\/person\/f3192d1c2e4527af4d5df38bffcab80e"},"headline":"BWI vous invite \u00e0 l\u2019Ap\u00e9ro de l\u2019Hydro franco-s\u00e9n\u00e9galais","datePublished":"2025-11-05T15:31:41+00:00","dateModified":"2025-11-07T15:05:41+00:00","mainEntityOfPage":{"@id":"https:\/\/bwi.earth\/fr\/apero-de-hydro-franco-senegalais\/"},"wordCount":12,"publisher":{"@id":"https:\/\/bwi.earth\/fr\/#organization"},"image":{"@id":"https:\/\/bwi.earth\/fr\/apero-de-hydro-franco-senegalais\/#primaryimage"},"thumbnailUrl":"https:\/\/bwi.earth\/wp-content\/uploads\/2025\/11\/AperoHydro2025-1024x556.png","keywords":["france","hydrologie","S\u00e9n\u00e9gal"],"articleSection":["EVENT"],"inLanguage":"fr-FR"},{"@type":"WebPage","@id":"https:\/\/bwi.earth\/fr\/apero-de-hydro-franco-senegalais\/","url":"https:\/\/bwi.earth\/fr\/apero-de-hydro-franco-senegalais\/","name":"BWI vous invite \u00e0 l\u2019Ap\u00e9ro de l\u2019Hydro franco-s\u00e9n\u00e9galais - Blue Water Intelligence (BWI)","isPartOf":{"@id":"https:\/\/bwi.earth\/fr\/#website"},"primaryImageOfPage":{"@id":"https:\/\/bwi.earth\/fr\/apero-de-hydro-franco-senegalais\/#primaryimage"},"image":{"@id":"https:\/\/bwi.earth\/fr\/apero-de-hydro-franco-senegalais\/#primaryimage"},"thumbnailUrl":"https:\/\/bwi.earth\/wp-content\/uploads\/2025\/11\/AperoHydro2025-1024x556.png","datePublished":"2025-11-05T15:31:41+00:00","dateModified":"2025-11-07T15:05:41+00:00","description":"Participez \u00e0 l\u2019Ap\u00e9ro de l\u2019Hydro franco-s\u00e9n\u00e9galais le 17 novembre 2025 - un \u00e9v\u00e9nement d\u00e9di\u00e9 aux \u00e9changes sur l\u2019eau, l\u2019irrigation et le climat.","breadcrumb":{"@id":"https:\/\/bwi.earth\/fr\/apero-de-hydro-franco-senegalais\/#breadcrumb"},"inLanguage":"fr-FR","potentialAction":[{"@type":"ReadAction","target":["https:\/\/bwi.earth\/fr\/apero-de-hydro-franco-senegalais\/"]}]},{"@type":"ImageObject","inLanguage":"fr-FR","@id":"https:\/\/bwi.earth\/fr\/apero-de-hydro-franco-senegalais\/#primaryimage","url":"https:\/\/bwi.earth\/wp-content\/uploads\/2025\/11\/AperoHydro2025-1024x556.png","contentUrl":"https:\/\/bwi.earth\/wp-content\/uploads\/2025\/11\/AperoHydro2025-1024x556.png"},{"@type":"BreadcrumbList","@id":"https:\/\/bwi.earth\/fr\/apero-de-hydro-franco-senegalais\/#breadcrumb","itemListElement":[{"@type":"ListItem","position":1,"name":"Home","item":"https:\/\/bwi.earth\/fr\/"},{"@type":"ListItem","position":2,"name":"BWI vous invite \u00e0 l\u2019Ap\u00e9ro de l\u2019Hydro franco-s\u00e9n\u00e9galais"}]},{"@type":"WebSite","@id":"https:\/\/bwi.earth\/fr\/#website","url":"https:\/\/bwi.earth\/fr\/","name":"Blue Water Intelligence (BWI)","description":"The River Basin Digitization Company","publisher":{"@id":"https:\/\/bwi.earth\/fr\/#organization"},"potentialAction":[{"@type":"SearchAction","target":{"@type":"EntryPoint","urlTemplate":"https:\/\/bwi.earth\/fr\/?s={search_term_string}"},"query-input":{"@type":"PropertyValueSpecification","valueRequired":true,"valueName":"search_term_string"}}],"inLanguage":"fr-FR"},{"@type":"Organization","@id":"https:\/\/bwi.earth\/fr\/#organization","name":"Blue Water Intelligence (BWI)","url":"https:\/\/bwi.earth\/fr\/","logo":{"@type":"ImageObject","inLanguage":"fr-FR","@id":"https:\/\/bwi.earth\/fr\/#\/schema\/logo\/image\/","url":"https:\/\/bwi.earth\/wp-content\/uploads\/2023\/03\/cropped-logo_couleur_bwi.png","contentUrl":"https:\/\/bwi.earth\/wp-content\/uploads\/2023\/03\/cropped-logo_couleur_bwi.png","width":4190,"height":1970,"caption":"Blue Water Intelligence (BWI)"},"image":{"@id":"https:\/\/bwi.earth\/fr\/#\/schema\/logo\/image\/"}},{"@type":"Person","@id":"https:\/\/bwi.earth\/fr\/#\/schema\/person\/f3192d1c2e4527af4d5df38bffcab80e","name":"Thuy Dung Vu","image":{"@type":"ImageObject","inLanguage":"fr-FR","@id":"https:\/\/bwi.earth\/fr\/#\/schema\/person\/image\/","url":"https:\/\/secure.gravatar.com\/avatar\/e671bad985855a69f36e7c27eb1f474285ef149586b440fecad2ce607b6a4bf3?s=96&d=mm&r=g","contentUrl":"https:\/\/secure.gravatar.com\/avatar\/e671bad985855a69f36e7c27eb1f474285ef149586b440fecad2ce607b6a4bf3?s=96&d=mm&r=g","caption":"Thuy Dung Vu"},"url":"https:\/\/bwi.earth\/fr\/author\/thuydung\/"}]}},"_links":{"self":[{"href":"https:\/\/bwi.earth\/fr\/wp-json\/wp\/v2\/posts\/17272","targetHints":{"allow":["GET"]}}],"collection":[{"href":"https:\/\/bwi.earth\/fr\/wp-json\/wp\/v2\/posts"}],"about":[{"href":"https:\/\/bwi.earth\/fr\/wp-json\/wp\/v2\/types\/post"}],"author":[{"embeddable":true,"href":"https:\/\/bwi.earth\/fr\/wp-json\/wp\/v2\/users\/23"}],"replies":[{"embeddable":true,"href":"https:\/\/bwi.earth\/fr\/wp-json\/wp\/v2\/comments?post=17272"}],"version-history":[{"count":23,"href":"https:\/\/bwi.earth\/fr\/wp-json\/wp\/v2\/posts\/17272\/revisions"}],"predecessor-version":[{"id":17351,"href":"https:\/\/bwi.earth\/fr\/wp-json\/wp\/v2\/posts\/17272\/revisions\/17351"}],"wp:attachment":[{"href":"https:\/\/bwi.earth\/fr\/wp-json\/wp\/v2\/media?parent=17272"}],"wp:term":[{"taxonomy":"category","embeddable":true,"href":"https:\/\/bwi.earth\/fr\/wp-json\/wp\/v2\/categories?post=17272"},{"taxonomy":"post_tag","embeddable":true,"href":"https:\/\/bwi.earth\/fr\/wp-json\/wp\/v2\/tags?post=17272"}],"curies":[{"name":"wp","href":"https:\/\/api.w.org\/{rel}","templated":true}]}}