{"id":18456,"date":"2026-01-19T09:00:00","date_gmt":"2026-01-19T08:00:00","guid":{"rendered":"https:\/\/bwi.earth\/?p=18456"},"modified":"2026-01-20T10:45:51","modified_gmt":"2026-01-20T09:45:51","slug":"lise-ferrieres-directrice-generale-adjointe-coo","status":"publish","type":"post","link":"https:\/\/bwi.earth\/fr\/lise-ferrieres-directrice-generale-adjointe-coo\/","title":{"rendered":"Nomination : Lise Ferri\u00e8res rejoint BWI en tant que Directrice G\u00e9n\u00e9rale Adjointe \/ Chief Operating Officer"},"content":{"rendered":"    <section class=\"gut-content\">\n        <div class=\"wrap\">\n            <p style=\"text-align: justify;\"><span data-contrast=\"auto\"><em><strong>Toulouse, le 19 janvier 2026<\/strong><\/em> <strong>\u2014 BWI (<\/strong><\/span><strong>Blue Water Intelligence) annonce la nomination&nbsp;de&nbsp;Lise Ferri\u00e8res au poste de Directrice G\u00e9n\u00e9rale Adjointe \/ Chief Operating&nbsp;Officer&nbsp;(COO),&nbsp;effective le&nbsp;1er d\u00e9cembre 2025.&nbsp;Cette nomination&nbsp;vient renforcer l\u2019organisation et le pilotage op\u00e9rationnel de&nbsp;BWI \u00e0 une&nbsp;\u00e9tape&nbsp;cl\u00e9 de son d\u00e9veloppement en France et \u00e0 l\u2019international.&nbsp;<\/strong><\/p>\n<h2 style=\"text-align: left;\"><b><span data-contrast=\"auto\">Une&nbsp;<\/span><\/b><b><span data-contrast=\"auto\">dirigeante&nbsp;<\/span><\/b><b><span data-contrast=\"auto\">exp\u00e9riment\u00e9e au service de la <\/span><\/b><b><span data-contrast=\"auto\">structuration <\/span><\/b><b><span data-contrast=\"auto\">des entreprises technologiques<\/span><\/b><\/h2>\n<p style=\"text-align: justify;\"><span data-contrast=\"auto\">Dipl\u00f4m\u00e9e d\u2019un Master en Management \u00e0 Audencia,<\/span><span data-contrast=\"auto\">&nbsp;<\/span><span data-contrast=\"auto\"><a href=\"https:\/\/www.linkedin.com\/in\/lise-ferrieres-654a403\/\">Lise Ferri\u00e8res<\/a> apporte<\/span><span data-contrast=\"auto\">&nbsp;\u00e0 BWI<\/span><span data-contrast=\"auto\">&nbsp;<\/span><span data-contrast=\"auto\">sa&nbsp;<\/span><span data-contrast=\"auto\">longue&nbsp;<\/span><span data-contrast=\"auto\">exp\u00e9rience en mati\u00e8re de direction&nbsp;<\/span><span data-contrast=\"auto\">des fon<\/span><span data-contrast=\"auto\">ctions de support,&nbsp;<\/span><span data-contrast=\"auto\">acquise au sein de grandes entreprises technologiques, industrielles et <\/span><span data-contrast=\"auto\">deep<\/span><span data-contrast=\"auto\">&nbsp;<\/span><span data-contrast=\"auto\">tech.<\/span><span data-contrast=\"auto\">&nbsp;Lise aura&nbsp;<\/span><span data-contrast=\"auto\">notamment pour mission de piloter la structuration de l\u2019entreprise pour l\u2019aider \u00e0 servir<\/span><span data-contrast=\"auto\">, en France comme \u00e0 l\u2019international<\/span><span data-contrast=\"auto\">&nbsp;ses clients<\/span><span data-contrast=\"auto\">&nbsp;dans les standards les plus \u00e9lev\u00e9s d\u2019excellence op\u00e9rationnelle.<\/span><span data-contrast=\"auto\">&nbsp;<\/span><span data-contrast=\"auto\">Elle y d\u00e9ploiera une approche transversale alliant rigueur op\u00e9rationnelle, structuration des \u00e9quipes et accompagnement de la croissance dans des environnements technologiques complexes.<\/span><span data-ccp-props=\"{&quot;335551550&quot;:6,&quot;335551620&quot;:6}\">&nbsp;<\/span><\/p>\n<p style=\"text-align: justify;\"><span data-contrast=\"auto\">Avant de rejoindre BWI,&nbsp;<\/span><span data-contrast=\"auto\">Lise Ferri\u00e8res&nbsp;<\/span><span data-contrast=\"auto\">occupait le poste de Vice-<\/span><span data-contrast=\"auto\">P<\/span><span data-contrast=\"auto\">r<\/span><span data-contrast=\"auto\">e<\/span><span data-contrast=\"auto\">sident <\/span><span data-contrast=\"auto\">F<\/span><span data-contrast=\"auto\">inance <\/span><span data-contrast=\"auto\">and <\/span><span data-contrast=\"auto\">Corporate <\/span><span data-contrast=\"auto\">Affairs <\/span><span data-contrast=\"auto\">chez <\/span><span data-contrast=\"auto\">Prophesee<\/span><span data-contrast=\"auto\">, une <\/span><span data-contrast=\"auto\">soci\u00e9t\u00e9&nbsp;<\/span><span data-contrast=\"auto\">de&nbsp;<\/span><span data-contrast=\"auto\">deep<\/span><span data-contrast=\"auto\">&nbsp;<\/span><span data-contrast=\"auto\">tech class\u00e9e dans le FT120 et pr\u00e9sente en Europe, aux \u00c9tats-Unis et en Asie.&nbsp;<\/span><span data-contrast=\"auto\">Membre du comit\u00e9 ex\u00e9cutif,&nbsp;<\/span><span data-contrast=\"auto\">Lise Ferri\u00e8res&nbsp;<\/span><span data-contrast=\"auto\">y pilotait les fonctions <\/span><span data-contrast=\"auto\">F<\/span><span data-contrast=\"auto\">inance, <\/span><span data-contrast=\"auto\">R<\/span><span data-contrast=\"auto\">essources <\/span><span data-contrast=\"auto\">H<\/span><span data-contrast=\"auto\">umaines, <\/span><span data-contrast=\"auto\">I<\/span><span data-contrast=\"auto\">nformatique, <\/span><span data-contrast=\"auto\">J<\/span><span data-contrast=\"auto\">uridique<\/span><span data-contrast=\"auto\">,<\/span><span data-contrast=\"auto\">&nbsp;<\/span><span data-contrast=\"auto\">L<\/span><span data-contrast=\"auto\">ogistique,&nbsp;<\/span><span data-contrast=\"auto\">et<\/span><span data-contrast=\"auto\">&nbsp;a jou\u00e9 un r\u00f4le central dans la structuration de l\u2019entreprise&nbsp;<\/span><span data-contrast=\"auto\">(ex.&nbsp;<\/span><span data-contrast=\"auto\">plus de 100&nbsp;<\/span><span data-contrast=\"auto\">m<\/span><span data-contrast=\"auto\">\u20ac de&nbsp;<\/span><span data-contrast=\"auto\">fonds&nbsp;<\/span><span data-contrast=\"auto\">lev\u00e9s<\/span><span data-contrast=\"auto\">)<\/span><span data-contrast=\"auto\">.<\/span><span data-ccp-props=\"{&quot;335551550&quot;:6,&quot;335551620&quot;:6}\">&nbsp;<\/span><\/p>\n<p style=\"text-align: justify;\"><span data-contrast=\"auto\">Lis<\/span><span data-contrast=\"auto\">e a \u00e9galement&nbsp;<\/span><span data-contrast=\"auto\">accompagn\u00e9 le<\/span><span data-contrast=\"auto\">&nbsp;lancement d\u2019Akwa&nbsp;<\/span><span data-contrast=\"auto\">en tant que Directrice financi\u00e8re (CFO), en structurant les fonctions&nbsp;<\/span><span data-contrast=\"auto\">F<\/span><span data-contrast=\"auto\">inance et RH d\u00e8s les premi\u00e8res phases de d\u00e9veloppement. Auparavant, <\/span><span data-contrast=\"auto\">Lise&nbsp;<\/span><span data-contrast=\"auto\">a<\/span><span data-contrast=\"auto\">vait<\/span><span data-contrast=\"auto\"> occup\u00e9 plusieurs postes de direction financi\u00e8re chez Schneider Electric et Areva T&amp;D, o\u00f9 elle a dirig\u00e9 des \u00e9quipes multiculturelleset g\u00e9r\u00e9 des budgets de grande envergure dans des environnements internationaux.<\/span><span data-ccp-props=\"{&quot;335551550&quot;:6,&quot;335551620&quot;:6}\">&nbsp;<\/span><\/p>\n<p style=\"text-align: justify;\"><span data-contrast=\"auto\">Pour<\/span><span data-contrast=\"auto\">&nbsp;<strong>J<\/strong><\/span><strong>\u00e9r\u00e9my Fain,&nbsp;Directeur&nbsp;G\u00e9n\u00e9ral&nbsp;de&nbsp;BWI<\/strong><span data-contrast=\"auto\">,&nbsp;<\/span><span data-contrast=\"auto\">l\u2019arri<\/span><span data-contrast=\"auto\">v\u00e9e de Lise Ferri\u00e8res com<\/span><span data-contrast=\"auto\">me Directrice G\u00e9n\u00e9rale Adjointe \u201c<\/span><em>est un immense renfort de l\u2019\u00e9quipe&nbsp;\u00e0 l\u2019heure o\u00f9 l\u2019acuit\u00e9 des probl\u00e8mes de ressources en eau engendre, de la part de nos clients, une exigence&nbsp;absolue&nbsp;d\u2019excellence. Lise vient donc aider BWI \u00e0 se structurer pour renforcer&nbsp;la qualit\u00e9&nbsp;de nos services et accompagner notre&nbsp;expansion \u00e0 l\u2019international&nbsp;de l\u2019organisation&nbsp;et des outils les mieux adapt\u00e9s<\/em><span data-contrast=\"auto\"><em>.<\/em>\u201d<\/span><span data-ccp-props=\"{&quot;134233117&quot;:false,&quot;134233118&quot;:false,&quot;201341983&quot;:0,&quot;335551550&quot;:6,&quot;335551620&quot;:6,&quot;335559685&quot;:0,&quot;335559737&quot;:0,&quot;335559738&quot;:0,&quot;335559739&quot;:160,&quot;335559740&quot;:279}\">&nbsp;<\/span><\/p>\n        <\/div>\n    <\/section>\n","protected":false},"excerpt":{"rendered":"<p>BWI annonce la nomination de Lise Ferri\u00e8res en tant que Directrice G\u00e9n\u00e9rale Adjointe \/ COO. Son arriv\u00e9e marque une \u00e9tape cl\u00e9 dans la structuration op\u00e9rationnelle de BWI, au service de la qualit\u00e9 des services et du d\u00e9ploiement international de l\u2019entreprise.<\/p>\n","protected":false},"author":23,"featured_media":0,"comment_status":"closed","ping_status":"closed","sticky":false,"template":"","format":"standard","meta":{"content-type":"","ngg_post_thumbnail":0,"footnotes":""},"categories":[430],"tags":[860,1034,420,1033],"class_list":["post-18456","post","type-post","status-publish","format-standard","hentry","category-communique-de-presse","tag-bwi-4","tag-coo","tag-france-3","tag-nomination"],"acf":[],"yoast_head":"<!-- This site is optimized with the Yoast SEO plugin v26.2 - https:\/\/yoast.com\/wordpress\/plugins\/seo\/ -->\n<title>Lise Ferri\u00e8res rejoint BWI en tant que Directrice G\u00e9n\u00e9rale Adjointe \/ COO - Blue Water Intelligence (BWI)<\/title>\n<meta name=\"description\" content=\"BWI annonce la nomination de Lise Ferri\u00e8res en tant que Directrice G\u00e9n\u00e9rale Adjointe \/ COO. Son arriv\u00e9e marque une \u00e9tape cl\u00e9 dans la structuration op\u00e9rationnelle de BWI, au service de la qualit\u00e9 des services et du d\u00e9ploiement international de l\u2019entreprise.\" \/>\n<meta name=\"robots\" content=\"index, follow, max-snippet:-1, max-image-preview:large, max-video-preview:-1\" \/>\n<link rel=\"canonical\" href=\"https:\/\/bwi.earth\/fr\/lise-ferrieres-directrice-generale-adjointe-coo\/\" \/>\n<meta property=\"og:locale\" content=\"fr_FR\" \/>\n<meta property=\"og:type\" content=\"article\" \/>\n<meta property=\"og:title\" content=\"Lise Ferri\u00e8res rejoint BWI en tant que Directrice G\u00e9n\u00e9rale Adjointe \/ COO - Blue Water Intelligence (BWI)\" \/>\n<meta property=\"og:description\" content=\"BWI annonce la nomination de Lise Ferri\u00e8res en tant que Directrice G\u00e9n\u00e9rale Adjointe \/ COO. Son arriv\u00e9e marque une \u00e9tape cl\u00e9 dans la structuration op\u00e9rationnelle de BWI, au service de la qualit\u00e9 des services et du d\u00e9ploiement international de l\u2019entreprise.\" \/>\n<meta property=\"og:url\" content=\"https:\/\/bwi.earth\/fr\/lise-ferrieres-directrice-generale-adjointe-coo\/\" \/>\n<meta property=\"og:site_name\" content=\"Blue Water Intelligence (BWI)\" \/>\n<meta property=\"article:published_time\" content=\"2026-01-19T08:00:00+00:00\" \/>\n<meta property=\"article:modified_time\" content=\"2026-01-20T09:45:51+00:00\" \/>\n<meta name=\"author\" content=\"Thuy Dung Vu\" \/>\n<meta name=\"twitter:card\" content=\"summary_large_image\" \/>\n<meta name=\"twitter:label1\" content=\"\u00c9crit par\" \/>\n\t<meta name=\"twitter:data1\" content=\"Thuy Dung Vu\" \/>\n\t<meta name=\"twitter:label2\" content=\"Dur\u00e9e de lecture estim\u00e9e\" \/>\n\t<meta name=\"twitter:data2\" content=\"2 minutes\" \/>\n<script type=\"application\/ld+json\" class=\"yoast-schema-graph\">{\"@context\":\"https:\/\/schema.org\",\"@graph\":[{\"@type\":\"Article\",\"@id\":\"https:\/\/bwi.earth\/fr\/lise-ferrieres-directrice-generale-adjointe-coo\/#article\",\"isPartOf\":{\"@id\":\"https:\/\/bwi.earth\/fr\/lise-ferrieres-directrice-generale-adjointe-coo\/\"},\"author\":{\"name\":\"Thuy Dung Vu\",\"@id\":\"https:\/\/bwi.earth\/fr\/#\/schema\/person\/f3192d1c2e4527af4d5df38bffcab80e\"},\"headline\":\"Nomination : Lise Ferri\u00e8res rejoint BWI en tant que Directrice G\u00e9n\u00e9rale Adjointe \/ Chief Operating Officer\",\"datePublished\":\"2026-01-19T08:00:00+00:00\",\"dateModified\":\"2026-01-20T09:45:51+00:00\",\"mainEntityOfPage\":{\"@id\":\"https:\/\/bwi.earth\/fr\/lise-ferrieres-directrice-generale-adjointe-coo\/\"},\"wordCount\":17,\"publisher\":{\"@id\":\"https:\/\/bwi.earth\/fr\/#organization\"},\"keywords\":[\"bwi\",\"COO\",\"france\",\"nomination\"],\"articleSection\":[\"Communiqu\u00e9 de presse\"],\"inLanguage\":\"fr-FR\"},{\"@type\":\"WebPage\",\"@id\":\"https:\/\/bwi.earth\/fr\/lise-ferrieres-directrice-generale-adjointe-coo\/\",\"url\":\"https:\/\/bwi.earth\/fr\/lise-ferrieres-directrice-generale-adjointe-coo\/\",\"name\":\"Lise Ferri\u00e8res rejoint BWI en tant que Directrice G\u00e9n\u00e9rale Adjointe \/ COO - Blue Water Intelligence (BWI)\",\"isPartOf\":{\"@id\":\"https:\/\/bwi.earth\/fr\/#website\"},\"datePublished\":\"2026-01-19T08:00:00+00:00\",\"dateModified\":\"2026-01-20T09:45:51+00:00\",\"description\":\"BWI annonce la nomination de Lise Ferri\u00e8res en tant que Directrice G\u00e9n\u00e9rale Adjointe \/ COO. Son arriv\u00e9e marque une \u00e9tape cl\u00e9 dans la structuration op\u00e9rationnelle de BWI, au service de la qualit\u00e9 des services et du d\u00e9ploiement international de l\u2019entreprise.\",\"breadcrumb\":{\"@id\":\"https:\/\/bwi.earth\/fr\/lise-ferrieres-directrice-generale-adjointe-coo\/#breadcrumb\"},\"inLanguage\":\"fr-FR\",\"potentialAction\":[{\"@type\":\"ReadAction\",\"target\":[\"https:\/\/bwi.earth\/fr\/lise-ferrieres-directrice-generale-adjointe-coo\/\"]}]},{\"@type\":\"BreadcrumbList\",\"@id\":\"https:\/\/bwi.earth\/fr\/lise-ferrieres-directrice-generale-adjointe-coo\/#breadcrumb\",\"itemListElement\":[{\"@type\":\"ListItem\",\"position\":1,\"name\":\"Home\",\"item\":\"https:\/\/bwi.earth\/fr\/\"},{\"@type\":\"ListItem\",\"position\":2,\"name\":\"Nomination : Lise Ferri\u00e8res rejoint BWI en tant que Directrice G\u00e9n\u00e9rale Adjointe \/ Chief Operating Officer\"}]},{\"@type\":\"WebSite\",\"@id\":\"https:\/\/bwi.earth\/fr\/#website\",\"url\":\"https:\/\/bwi.earth\/fr\/\",\"name\":\"Blue Water Intelligence (BWI)\",\"description\":\"The River Basin Digitization Company\",\"publisher\":{\"@id\":\"https:\/\/bwi.earth\/fr\/#organization\"},\"potentialAction\":[{\"@type\":\"SearchAction\",\"target\":{\"@type\":\"EntryPoint\",\"urlTemplate\":\"https:\/\/bwi.earth\/fr\/?s={search_term_string}\"},\"query-input\":{\"@type\":\"PropertyValueSpecification\",\"valueRequired\":true,\"valueName\":\"search_term_string\"}}],\"inLanguage\":\"fr-FR\"},{\"@type\":\"Organization\",\"@id\":\"https:\/\/bwi.earth\/fr\/#organization\",\"name\":\"Blue Water Intelligence (BWI)\",\"url\":\"https:\/\/bwi.earth\/fr\/\",\"logo\":{\"@type\":\"ImageObject\",\"inLanguage\":\"fr-FR\",\"@id\":\"https:\/\/bwi.earth\/fr\/#\/schema\/logo\/image\/\",\"url\":\"https:\/\/bwi.earth\/wp-content\/uploads\/2023\/03\/cropped-logo_couleur_bwi.png\",\"contentUrl\":\"https:\/\/bwi.earth\/wp-content\/uploads\/2023\/03\/cropped-logo_couleur_bwi.png\",\"width\":4190,\"height\":1970,\"caption\":\"Blue Water Intelligence (BWI)\"},\"image\":{\"@id\":\"https:\/\/bwi.earth\/fr\/#\/schema\/logo\/image\/\"}},{\"@type\":\"Person\",\"@id\":\"https:\/\/bwi.earth\/fr\/#\/schema\/person\/f3192d1c2e4527af4d5df38bffcab80e\",\"name\":\"Thuy Dung Vu\",\"image\":{\"@type\":\"ImageObject\",\"inLanguage\":\"fr-FR\",\"@id\":\"https:\/\/bwi.earth\/fr\/#\/schema\/person\/image\/\",\"url\":\"https:\/\/secure.gravatar.com\/avatar\/e671bad985855a69f36e7c27eb1f474285ef149586b440fecad2ce607b6a4bf3?s=96&d=mm&r=g\",\"contentUrl\":\"https:\/\/secure.gravatar.com\/avatar\/e671bad985855a69f36e7c27eb1f474285ef149586b440fecad2ce607b6a4bf3?s=96&d=mm&r=g\",\"caption\":\"Thuy Dung Vu\"},\"url\":\"https:\/\/bwi.earth\/fr\/author\/thuydung\/\"}]}<\/script>\n<!-- \/ Yoast SEO plugin. -->","yoast_head_json":{"title":"Lise Ferri\u00e8res rejoint BWI en tant que Directrice G\u00e9n\u00e9rale Adjointe \/ COO - Blue Water Intelligence (BWI)","description":"BWI annonce la nomination de Lise Ferri\u00e8res en tant que Directrice G\u00e9n\u00e9rale Adjointe \/ COO. Son arriv\u00e9e marque une \u00e9tape cl\u00e9 dans la structuration op\u00e9rationnelle de BWI, au service de la qualit\u00e9 des services et du d\u00e9ploiement international de l\u2019entreprise.","robots":{"index":"index","follow":"follow","max-snippet":"max-snippet:-1","max-image-preview":"max-image-preview:large","max-video-preview":"max-video-preview:-1"},"canonical":"https:\/\/bwi.earth\/fr\/lise-ferrieres-directrice-generale-adjointe-coo\/","og_locale":"fr_FR","og_type":"article","og_title":"Lise Ferri\u00e8res rejoint BWI en tant que Directrice G\u00e9n\u00e9rale Adjointe \/ COO - Blue Water Intelligence (BWI)","og_description":"BWI annonce la nomination de Lise Ferri\u00e8res en tant que Directrice G\u00e9n\u00e9rale Adjointe \/ COO. Son arriv\u00e9e marque une \u00e9tape cl\u00e9 dans la structuration op\u00e9rationnelle de BWI, au service de la qualit\u00e9 des services et du d\u00e9ploiement international de l\u2019entreprise.","og_url":"https:\/\/bwi.earth\/fr\/lise-ferrieres-directrice-generale-adjointe-coo\/","og_site_name":"Blue Water Intelligence (BWI)","article_published_time":"2026-01-19T08:00:00+00:00","article_modified_time":"2026-01-20T09:45:51+00:00","author":"Thuy Dung Vu","twitter_card":"summary_large_image","twitter_misc":{"\u00c9crit par":"Thuy Dung Vu","Dur\u00e9e de lecture estim\u00e9e":"2 minutes"},"schema":{"@context":"https:\/\/schema.org","@graph":[{"@type":"Article","@id":"https:\/\/bwi.earth\/fr\/lise-ferrieres-directrice-generale-adjointe-coo\/#article","isPartOf":{"@id":"https:\/\/bwi.earth\/fr\/lise-ferrieres-directrice-generale-adjointe-coo\/"},"author":{"name":"Thuy Dung Vu","@id":"https:\/\/bwi.earth\/fr\/#\/schema\/person\/f3192d1c2e4527af4d5df38bffcab80e"},"headline":"Nomination : Lise Ferri\u00e8res rejoint BWI en tant que Directrice G\u00e9n\u00e9rale Adjointe \/ Chief Operating Officer","datePublished":"2026-01-19T08:00:00+00:00","dateModified":"2026-01-20T09:45:51+00:00","mainEntityOfPage":{"@id":"https:\/\/bwi.earth\/fr\/lise-ferrieres-directrice-generale-adjointe-coo\/"},"wordCount":17,"publisher":{"@id":"https:\/\/bwi.earth\/fr\/#organization"},"keywords":["bwi","COO","france","nomination"],"articleSection":["Communiqu\u00e9 de presse"],"inLanguage":"fr-FR"},{"@type":"WebPage","@id":"https:\/\/bwi.earth\/fr\/lise-ferrieres-directrice-generale-adjointe-coo\/","url":"https:\/\/bwi.earth\/fr\/lise-ferrieres-directrice-generale-adjointe-coo\/","name":"Lise Ferri\u00e8res rejoint BWI en tant que Directrice G\u00e9n\u00e9rale Adjointe \/ COO - Blue Water Intelligence (BWI)","isPartOf":{"@id":"https:\/\/bwi.earth\/fr\/#website"},"datePublished":"2026-01-19T08:00:00+00:00","dateModified":"2026-01-20T09:45:51+00:00","description":"BWI annonce la nomination de Lise Ferri\u00e8res en tant que Directrice G\u00e9n\u00e9rale Adjointe \/ COO. Son arriv\u00e9e marque une \u00e9tape cl\u00e9 dans la structuration op\u00e9rationnelle de BWI, au service de la qualit\u00e9 des services et du d\u00e9ploiement international de l\u2019entreprise.","breadcrumb":{"@id":"https:\/\/bwi.earth\/fr\/lise-ferrieres-directrice-generale-adjointe-coo\/#breadcrumb"},"inLanguage":"fr-FR","potentialAction":[{"@type":"ReadAction","target":["https:\/\/bwi.earth\/fr\/lise-ferrieres-directrice-generale-adjointe-coo\/"]}]},{"@type":"BreadcrumbList","@id":"https:\/\/bwi.earth\/fr\/lise-ferrieres-directrice-generale-adjointe-coo\/#breadcrumb","itemListElement":[{"@type":"ListItem","position":1,"name":"Home","item":"https:\/\/bwi.earth\/fr\/"},{"@type":"ListItem","position":2,"name":"Nomination : Lise Ferri\u00e8res rejoint BWI en tant que Directrice G\u00e9n\u00e9rale Adjointe \/ Chief Operating Officer"}]},{"@type":"WebSite","@id":"https:\/\/bwi.earth\/fr\/#website","url":"https:\/\/bwi.earth\/fr\/","name":"Blue Water Intelligence (BWI)","description":"The River Basin Digitization Company","publisher":{"@id":"https:\/\/bwi.earth\/fr\/#organization"},"potentialAction":[{"@type":"SearchAction","target":{"@type":"EntryPoint","urlTemplate":"https:\/\/bwi.earth\/fr\/?s={search_term_string}"},"query-input":{"@type":"PropertyValueSpecification","valueRequired":true,"valueName":"search_term_string"}}],"inLanguage":"fr-FR"},{"@type":"Organization","@id":"https:\/\/bwi.earth\/fr\/#organization","name":"Blue Water Intelligence (BWI)","url":"https:\/\/bwi.earth\/fr\/","logo":{"@type":"ImageObject","inLanguage":"fr-FR","@id":"https:\/\/bwi.earth\/fr\/#\/schema\/logo\/image\/","url":"https:\/\/bwi.earth\/wp-content\/uploads\/2023\/03\/cropped-logo_couleur_bwi.png","contentUrl":"https:\/\/bwi.earth\/wp-content\/uploads\/2023\/03\/cropped-logo_couleur_bwi.png","width":4190,"height":1970,"caption":"Blue Water Intelligence (BWI)"},"image":{"@id":"https:\/\/bwi.earth\/fr\/#\/schema\/logo\/image\/"}},{"@type":"Person","@id":"https:\/\/bwi.earth\/fr\/#\/schema\/person\/f3192d1c2e4527af4d5df38bffcab80e","name":"Thuy Dung Vu","image":{"@type":"ImageObject","inLanguage":"fr-FR","@id":"https:\/\/bwi.earth\/fr\/#\/schema\/person\/image\/","url":"https:\/\/secure.gravatar.com\/avatar\/e671bad985855a69f36e7c27eb1f474285ef149586b440fecad2ce607b6a4bf3?s=96&d=mm&r=g","contentUrl":"https:\/\/secure.gravatar.com\/avatar\/e671bad985855a69f36e7c27eb1f474285ef149586b440fecad2ce607b6a4bf3?s=96&d=mm&r=g","caption":"Thuy Dung Vu"},"url":"https:\/\/bwi.earth\/fr\/author\/thuydung\/"}]}},"_links":{"self":[{"href":"https:\/\/bwi.earth\/fr\/wp-json\/wp\/v2\/posts\/18456","targetHints":{"allow":["GET"]}}],"collection":[{"href":"https:\/\/bwi.earth\/fr\/wp-json\/wp\/v2\/posts"}],"about":[{"href":"https:\/\/bwi.earth\/fr\/wp-json\/wp\/v2\/types\/post"}],"author":[{"embeddable":true,"href":"https:\/\/bwi.earth\/fr\/wp-json\/wp\/v2\/users\/23"}],"replies":[{"embeddable":true,"href":"https:\/\/bwi.earth\/fr\/wp-json\/wp\/v2\/comments?post=18456"}],"version-history":[{"count":20,"href":"https:\/\/bwi.earth\/fr\/wp-json\/wp\/v2\/posts\/18456\/revisions"}],"predecessor-version":[{"id":18481,"href":"https:\/\/bwi.earth\/fr\/wp-json\/wp\/v2\/posts\/18456\/revisions\/18481"}],"wp:attachment":[{"href":"https:\/\/bwi.earth\/fr\/wp-json\/wp\/v2\/media?parent=18456"}],"wp:term":[{"taxonomy":"category","embeddable":true,"href":"https:\/\/bwi.earth\/fr\/wp-json\/wp\/v2\/categories?post=18456"},{"taxonomy":"post_tag","embeddable":true,"href":"https:\/\/bwi.earth\/fr\/wp-json\/wp\/v2\/tags?post=18456"}],"curies":[{"name":"wp","href":"https:\/\/api.w.org\/{rel}","templated":true}]}}